{"id":27323,"date":"2018-04-18T11:10:14","date_gmt":"2018-04-18T14:10:14","guid":{"rendered":"http:\/\/www.portalmantena.com.br\/novo\/?p=27323"},"modified":"2018-04-18T11:10:14","modified_gmt":"2018-04-18T14:10:14","slug":"atleta-mantenense-e-2a-colocada-na-maratona-tintas-antares","status":"publish","type":"post","link":"http:\/\/www.portalmantena.com.br\/novo\/?p=27323","title":{"rendered":"Atleta mantenense \u00e9 2\u00aa colocada na Maratona Tintas Antares"},"content":{"rendered":"<p><a href=\"http:\/\/www.portalmantena.com.br\/novo\/wp-content\/uploads\/2018\/04\/no170418karla1.jpg\"><img loading=\"lazy\" class=\"alignnone size-full wp-image-27324\" src=\"http:\/\/www.portalmantena.com.br\/novo\/wp-content\/uploads\/2018\/04\/no170418karla1.jpg\" alt=\"\" width=\"700\" height=\"450\" srcset=\"http:\/\/www.portalmantena.com.br\/novo\/wp-content\/uploads\/2018\/04\/no170418karla1.jpg 700w, http:\/\/www.portalmantena.com.br\/novo\/wp-content\/uploads\/2018\/04\/no170418karla1-300x193.jpg 300w, http:\/\/www.portalmantena.com.br\/novo\/wp-content\/uploads\/2018\/04\/no170418karla1-696x447.jpg 696w, http:\/\/www.portalmantena.com.br\/novo\/wp-content\/uploads\/2018\/04\/no170418karla1-653x420.jpg 653w\" sizes=\"(max-width: 700px) 100vw, 700px\" \/><\/a><\/p>\n<p><span style=\"font-size: 14pt;\">Mais uma vez, a atleta mantenense Karla Janu\u00e1rio \u00e9 destaque em prova de ciclismo na regi\u00e3o, ela vem crescendo neste tipo de competi\u00e7\u00e3o com promessa de grandes resultados.<\/span><\/p>\n<p><span style=\"font-size: 14pt;\">A jovem atleta participou no final de semana passado (domingo), dia 15 de abril, da Maratona Tintas Antares, que aconteceu no munic\u00edpio de Barra de S\u00e3o Francisco. <\/span><\/p>\n<p><span style=\"font-size: 14pt;\">Ao final da prova, a ciclista mantenense ficou com o 2\u00ba lugar na prova, subindo ao p\u00f3dio e levantando o trof\u00e9u. <\/span><\/p>\n<p><span style=\"font-size: 14pt;\">Segundo a atleta, a prova foi puxada, dif\u00edcil, com a trilha pesada com muita lama em fun\u00e7\u00e3o do final de semana chuvoso na regi\u00e3o. <\/span><\/p>\n<p><span style=\"font-size: 14pt;\">Mesmo assim, Karla se manteve competitiva mesmo com o imprevisto de um pneu furado, \u201cmas gra\u00e7as a Deus que o pneu furou em um ponto estrat\u00e9gico onde estavam grandes parceiros e amigos que me ajudaram\u201d, disse a atleta. <\/span><\/p>\n<p><span style=\"font-size: 14pt;\">Retornando \u00e0 prova, valeu mais uma vez seu grande esfor\u00e7o e conseguiu subir ao p\u00f3dio com a segunda coloca\u00e7\u00e3o.<\/span><\/p>\n<p><a href=\"http:\/\/www.portalmantena.com.br\/novo\/wp-content\/uploads\/2018\/04\/no170418karla2.jpg\"><img loading=\"lazy\" class=\"alignnone size-full wp-image-27325\" src=\"http:\/\/www.portalmantena.com.br\/novo\/wp-content\/uploads\/2018\/04\/no170418karla2.jpg\" alt=\"\" width=\"700\" height=\"450\" srcset=\"http:\/\/www.portalmantena.com.br\/novo\/wp-content\/uploads\/2018\/04\/no170418karla2.jpg 700w, http:\/\/www.portalmantena.com.br\/novo\/wp-content\/uploads\/2018\/04\/no170418karla2-300x193.jpg 300w, http:\/\/www.portalmantena.com.br\/novo\/wp-content\/uploads\/2018\/04\/no170418karla2-696x447.jpg 696w, http:\/\/www.portalmantena.com.br\/novo\/wp-content\/uploads\/2018\/04\/no170418karla2-653x420.jpg 653w\" sizes=\"(max-width: 700px) 100vw, 700px\" \/><\/a> <a href=\"http:\/\/www.portalmantena.com.br\/novo\/wp-content\/uploads\/2018\/04\/no170418karla3.jpg\"><img loading=\"lazy\" class=\"alignnone size-full wp-image-27326\" src=\"http:\/\/www.portalmantena.com.br\/novo\/wp-content\/uploads\/2018\/04\/no170418karla3.jpg\" alt=\"\" width=\"700\" height=\"450\" srcset=\"http:\/\/www.portalmantena.com.br\/novo\/wp-content\/uploads\/2018\/04\/no170418karla3.jpg 700w, http:\/\/www.portalmantena.com.br\/novo\/wp-content\/uploads\/2018\/04\/no170418karla3-300x193.jpg 300w, http:\/\/www.portalmantena.com.br\/novo\/wp-content\/uploads\/2018\/04\/no170418karla3-696x447.jpg 696w, http:\/\/www.portalmantena.com.br\/novo\/wp-content\/uploads\/2018\/04\/no170418karla3-653x420.jpg 653w\" sizes=\"(max-width: 700px) 100vw, 700px\" \/><\/a><\/p>\n","protected":false},"excerpt":{"rendered":"<p>Mais uma vez, a atleta mantenense Karla Janu\u00e1rio \u00e9 destaque em prova de ciclismo na regi\u00e3o, ela vem crescendo neste tipo de competi\u00e7\u00e3o com promessa de grandes resultados. A jovem atleta participou no final de semana passado (domingo), dia 15 de abril, da Maratona Tintas Antares, que aconteceu no munic\u00edpio de Barra de S\u00e3o Francisco. [&hellip;]<\/p>\n","protected":false},"author":1,"featured_media":27324,"comment_status":"open","ping_status":"open","sticky":false,"template":"","format":"standard","meta":[],"categories":[22],"tags":[],"_links":{"self":[{"href":"http:\/\/www.portalmantena.com.br\/novo\/index.php?rest_route=\/wp\/v2\/posts\/27323"}],"collection":[{"href":"http:\/\/www.portalmantena.com.br\/novo\/index.php?rest_route=\/wp\/v2\/posts"}],"about":[{"href":"http:\/\/www.portalmantena.com.br\/novo\/index.php?rest_route=\/wp\/v2\/types\/post"}],"author":[{"embeddable":true,"href":"http:\/\/www.portalmantena.com.br\/novo\/index.php?rest_route=\/wp\/v2\/users\/1"}],"replies":[{"embeddable":true,"href":"http:\/\/www.portalmantena.com.br\/novo\/index.php?rest_route=%2Fwp%2Fv2%2Fcomments&post=27323"}],"version-history":[{"count":1,"href":"http:\/\/www.portalmantena.com.br\/novo\/index.php?rest_route=\/wp\/v2\/posts\/27323\/revisions"}],"predecessor-version":[{"id":27327,"href":"http:\/\/www.portalmantena.com.br\/novo\/index.php?rest_route=\/wp\/v2\/posts\/27323\/revisions\/27327"}],"wp:featuredmedia":[{"embeddable":true,"href":"http:\/\/www.portalmantena.com.br\/novo\/index.php?rest_route=\/wp\/v2\/media\/27324"}],"wp:attachment":[{"href":"http:\/\/www.portalmantena.com.br\/novo\/index.php?rest_route=%2Fwp%2Fv2%2Fmedia&parent=27323"}],"wp:term":[{"taxonomy":"category","embeddable":true,"href":"http:\/\/www.portalmantena.com.br\/novo\/index.php?rest_route=%2Fwp%2Fv2%2Fcategories&post=27323"},{"taxonomy":"post_tag","embeddable":true,"href":"http:\/\/www.portalmantena.com.br\/novo\/index.php?rest_route=%2Fwp%2Fv2%2Ftags&post=27323"}],"curies":[{"name":"wp","href":"https:\/\/api.w.org\/{rel}","templated":true}]}}