{"id":27305,"date":"2018-04-18T09:48:50","date_gmt":"2018-04-18T12:48:50","guid":{"rendered":"http:\/\/www.portalmantena.com.br\/novo\/?p=27305"},"modified":"2018-04-18T09:48:50","modified_gmt":"2018-04-18T12:48:50","slug":"beto-mol-completando-mais-um-ano-de-vida-parabens","status":"publish","type":"post","link":"http:\/\/www.portalmantena.com.br\/novo\/?p=27305","title":{"rendered":"Beto Mol completando mais um ano de vida, parab\u00e9ns"},"content":{"rendered":"<p><a href=\"http:\/\/www.portalmantena.com.br\/novo\/wp-content\/uploads\/2018\/04\/vi180418beto.jpg\"><img loading=\"lazy\" class=\"alignnone size-full wp-image-27308\" src=\"http:\/\/www.portalmantena.com.br\/novo\/wp-content\/uploads\/2018\/04\/vi180418beto.jpg\" alt=\"\" width=\"700\" height=\"450\" srcset=\"http:\/\/www.portalmantena.com.br\/novo\/wp-content\/uploads\/2018\/04\/vi180418beto.jpg 700w, http:\/\/www.portalmantena.com.br\/novo\/wp-content\/uploads\/2018\/04\/vi180418beto-300x193.jpg 300w, http:\/\/www.portalmantena.com.br\/novo\/wp-content\/uploads\/2018\/04\/vi180418beto-696x447.jpg 696w, http:\/\/www.portalmantena.com.br\/novo\/wp-content\/uploads\/2018\/04\/vi180418beto-653x420.jpg 653w\" sizes=\"(max-width: 700px) 100vw, 700px\" \/><\/a><\/p>\n<p><span style=\"font-size: 14pt;\">O aniversariante desta quarta-feira dia 18 de abril \u00e9 o mantenense ausente, o empres\u00e1rio Beto Mol, que reside j\u00e1 h\u00e1 v\u00e1rios anos na cidade de Governador Valadares. <\/span><\/p>\n<p><span style=\"font-size: 14pt;\">Na foto ao lado dos amigos Sandro Massariol e Manchinha. Desejamos ao aniversariante do dia, muitas e muitas felicidades, muitos anos de vida, sa\u00fade, paz e sucesso, que o nosso Deus esteja protegendo sua vida e lhe aben\u00e7oando.\u00a0<\/span><\/p>\n","protected":false},"excerpt":{"rendered":"<p>O aniversariante desta quarta-feira dia 18 de abril \u00e9 o mantenense ausente, o empres\u00e1rio Beto Mol, que reside j\u00e1 h\u00e1 v\u00e1rios anos na cidade de Governador Valadares. Na foto ao lado dos amigos Sandro Massariol e Manchinha. Desejamos ao aniversariante do dia, muitas e muitas felicidades, muitos anos de vida, sa\u00fade, paz e sucesso, que [&hellip;]<\/p>\n","protected":false},"author":1,"featured_media":27308,"comment_status":"open","ping_status":"open","sticky":false,"template":"","format":"standard","meta":[],"categories":[7],"tags":[],"_links":{"self":[{"href":"http:\/\/www.portalmantena.com.br\/novo\/index.php?rest_route=\/wp\/v2\/posts\/27305"}],"collection":[{"href":"http:\/\/www.portalmantena.com.br\/novo\/index.php?rest_route=\/wp\/v2\/posts"}],"about":[{"href":"http:\/\/www.portalmantena.com.br\/novo\/index.php?rest_route=\/wp\/v2\/types\/post"}],"author":[{"embeddable":true,"href":"http:\/\/www.portalmantena.com.br\/novo\/index.php?rest_route=\/wp\/v2\/users\/1"}],"replies":[{"embeddable":true,"href":"http:\/\/www.portalmantena.com.br\/novo\/index.php?rest_route=%2Fwp%2Fv2%2Fcomments&post=27305"}],"version-history":[{"count":1,"href":"http:\/\/www.portalmantena.com.br\/novo\/index.php?rest_route=\/wp\/v2\/posts\/27305\/revisions"}],"predecessor-version":[{"id":27309,"href":"http:\/\/www.portalmantena.com.br\/novo\/index.php?rest_route=\/wp\/v2\/posts\/27305\/revisions\/27309"}],"wp:featuredmedia":[{"embeddable":true,"href":"http:\/\/www.portalmantena.com.br\/novo\/index.php?rest_route=\/wp\/v2\/media\/27308"}],"wp:attachment":[{"href":"http:\/\/www.portalmantena.com.br\/novo\/index.php?rest_route=%2Fwp%2Fv2%2Fmedia&parent=27305"}],"wp:term":[{"taxonomy":"category","embeddable":true,"href":"http:\/\/www.portalmantena.com.br\/novo\/index.php?rest_route=%2Fwp%2Fv2%2Fcategories&post=27305"},{"taxonomy":"post_tag","embeddable":true,"href":"http:\/\/www.portalmantena.com.br\/novo\/index.php?rest_route=%2Fwp%2Fv2%2Ftags&post=27305"}],"curies":[{"name":"wp","href":"https:\/\/api.w.org\/{rel}","templated":true}]}}