{"id":27300,"date":"2018-04-18T01:19:45","date_gmt":"2018-04-18T04:19:45","guid":{"rendered":"http:\/\/www.portalmantena.com.br\/novo\/?p=27300"},"modified":"2018-04-18T09:21:32","modified_gmt":"2018-04-18T12:21:32","slug":"acidente-envolvendo-dois-ciclistas-deixa-mulher-ferida","status":"publish","type":"post","link":"http:\/\/www.portalmantena.com.br\/novo\/?p=27300","title":{"rendered":"Acidente envolvendo dois ciclistas deixa mulher ferida no centro"},"content":{"rendered":"<p><a href=\"http:\/\/www.portalmantena.com.br\/novo\/wp-content\/uploads\/2018\/04\/no180418rua1.jpg\"><img loading=\"lazy\" class=\"alignnone size-full wp-image-27301\" src=\"http:\/\/www.portalmantena.com.br\/novo\/wp-content\/uploads\/2018\/04\/no180418rua1.jpg\" alt=\"\" width=\"700\" height=\"450\" srcset=\"http:\/\/www.portalmantena.com.br\/novo\/wp-content\/uploads\/2018\/04\/no180418rua1.jpg 700w, http:\/\/www.portalmantena.com.br\/novo\/wp-content\/uploads\/2018\/04\/no180418rua1-300x193.jpg 300w, http:\/\/www.portalmantena.com.br\/novo\/wp-content\/uploads\/2018\/04\/no180418rua1-696x447.jpg 696w, http:\/\/www.portalmantena.com.br\/novo\/wp-content\/uploads\/2018\/04\/no180418rua1-653x420.jpg 653w\" sizes=\"(max-width: 700px) 100vw, 700px\" \/><\/a><\/p>\n<p><span style=\"font-size: 14pt;\">Um acidente envolvendo dois ciclistas deixou um dos envolvidos ferido na manh\u00e3 desta ter\u00e7a-feira dia 17 de abril no centro em Mantena. <\/span><\/p>\n<p><span style=\"font-size: 14pt;\">Era por volta das 11 horas da manh\u00e3 quando um forte impacto aconteceu envolvendo dois ciclistas (um rapaz e uma mulher), na esquina movimentada entre a rua Ant\u00f4nio Coelho de Souza e Avenida Get\u00falio Vargas. <\/span><\/p>\n<p><span style=\"font-size: 14pt;\">Segundo um dos ciclistas, ele descia a avenida Get\u00falio Vargas, quando a ciclista atravessou repentinamente a avenida sem observar o tr\u00e2nsito. Ele disse \u00e0 reda\u00e7\u00e3o do portalmantena que tentou desviar (evitando o impacto) no entanto a ciclista acabou batendo na traseira da bicicleta, caindo ao ch\u00e3o e se machucando. <\/span><\/p>\n<p><span style=\"font-size: 14pt;\">Populares tentaram socorrer a v\u00edtima, por\u00e9m como ela apresentava um corte na cabe\u00e7a e estava de bru\u00e7os, uma ambul\u00e2ncia foi solicitada no local para que ela fosse removida com todo cuidado. <\/span><\/p>\n<p><span style=\"font-size: 14pt;\">A ambul\u00e2ncia chegou rapidamente e em seguida a pol\u00edcia militar, sinalizando o tr\u00e2nsito. <\/span><\/p>\n<p><span style=\"font-size: 14pt;\">A ciclista ferida ficou o tempo todo l\u00facida, tranquilizando quem viu a cena do acidente, imaginando que teria acontecido o pior. At\u00e9 o fechamento desta mat\u00e9ria n\u00e3o obtivemos informa\u00e7\u00f5es sobre o estado de sa\u00fade da ciclista.<\/span><\/p>\n<p><a href=\"http:\/\/www.portalmantena.com.br\/novo\/wp-content\/uploads\/2018\/04\/no180418rua2.jpg\"><img loading=\"lazy\" class=\"alignnone size-full wp-image-27302\" src=\"http:\/\/www.portalmantena.com.br\/novo\/wp-content\/uploads\/2018\/04\/no180418rua2.jpg\" alt=\"\" width=\"700\" height=\"450\" srcset=\"http:\/\/www.portalmantena.com.br\/novo\/wp-content\/uploads\/2018\/04\/no180418rua2.jpg 700w, http:\/\/www.portalmantena.com.br\/novo\/wp-content\/uploads\/2018\/04\/no180418rua2-300x193.jpg 300w, http:\/\/www.portalmantena.com.br\/novo\/wp-content\/uploads\/2018\/04\/no180418rua2-696x447.jpg 696w, http:\/\/www.portalmantena.com.br\/novo\/wp-content\/uploads\/2018\/04\/no180418rua2-653x420.jpg 653w\" sizes=\"(max-width: 700px) 100vw, 700px\" \/><\/a><\/p>\n","protected":false},"excerpt":{"rendered":"<p>Um acidente envolvendo dois ciclistas deixou um dos envolvidos ferido na manh\u00e3 desta ter\u00e7a-feira dia 17 de abril no centro em Mantena. Era por volta das 11 horas da manh\u00e3 quando um forte impacto aconteceu envolvendo dois ciclistas (um rapaz e uma mulher), na esquina movimentada entre a rua Ant\u00f4nio Coelho de Souza e Avenida [&hellip;]<\/p>\n","protected":false},"author":1,"featured_media":27301,"comment_status":"open","ping_status":"open","sticky":false,"template":"","format":"standard","meta":[],"categories":[36,11],"tags":[],"_links":{"self":[{"href":"http:\/\/www.portalmantena.com.br\/novo\/index.php?rest_route=\/wp\/v2\/posts\/27300"}],"collection":[{"href":"http:\/\/www.portalmantena.com.br\/novo\/index.php?rest_route=\/wp\/v2\/posts"}],"about":[{"href":"http:\/\/www.portalmantena.com.br\/novo\/index.php?rest_route=\/wp\/v2\/types\/post"}],"author":[{"embeddable":true,"href":"http:\/\/www.portalmantena.com.br\/novo\/index.php?rest_route=\/wp\/v2\/users\/1"}],"replies":[{"embeddable":true,"href":"http:\/\/www.portalmantena.com.br\/novo\/index.php?rest_route=%2Fwp%2Fv2%2Fcomments&post=27300"}],"version-history":[{"count":2,"href":"http:\/\/www.portalmantena.com.br\/novo\/index.php?rest_route=\/wp\/v2\/posts\/27300\/revisions"}],"predecessor-version":[{"id":27304,"href":"http:\/\/www.portalmantena.com.br\/novo\/index.php?rest_route=\/wp\/v2\/posts\/27300\/revisions\/27304"}],"wp:featuredmedia":[{"embeddable":true,"href":"http:\/\/www.portalmantena.com.br\/novo\/index.php?rest_route=\/wp\/v2\/media\/27301"}],"wp:attachment":[{"href":"http:\/\/www.portalmantena.com.br\/novo\/index.php?rest_route=%2Fwp%2Fv2%2Fmedia&parent=27300"}],"wp:term":[{"taxonomy":"category","embeddable":true,"href":"http:\/\/www.portalmantena.com.br\/novo\/index.php?rest_route=%2Fwp%2Fv2%2Fcategories&post=27300"},{"taxonomy":"post_tag","embeddable":true,"href":"http:\/\/www.portalmantena.com.br\/novo\/index.php?rest_route=%2Fwp%2Fv2%2Ftags&post=27300"}],"curies":[{"name":"wp","href":"https:\/\/api.w.org\/{rel}","templated":true}]}}