{"id":27290,"date":"2018-04-18T11:42:20","date_gmt":"2018-04-18T14:42:20","guid":{"rendered":"http:\/\/www.portalmantena.com.br\/novo\/?p=27290"},"modified":"2018-04-18T13:05:46","modified_gmt":"2018-04-18T16:05:46","slug":"moto-vai-parar-debaixo-de-onibus-em-acidente-no-bairro-vila-nova","status":"publish","type":"post","link":"http:\/\/www.portalmantena.com.br\/novo\/?p=27290","title":{"rendered":"Moto vai parar debaixo de \u00f4nibus ap\u00f3s acidente em Vila Nova"},"content":{"rendered":"<p><a href=\"http:\/\/www.portalmantena.com.br\/novo\/wp-content\/uploads\/2018\/04\/no180418aci2.jpg\"><img loading=\"lazy\" class=\"alignnone size-full wp-image-27292\" src=\"http:\/\/www.portalmantena.com.br\/novo\/wp-content\/uploads\/2018\/04\/no180418aci2.jpg\" alt=\"\" width=\"700\" height=\"450\" srcset=\"http:\/\/www.portalmantena.com.br\/novo\/wp-content\/uploads\/2018\/04\/no180418aci2.jpg 700w, http:\/\/www.portalmantena.com.br\/novo\/wp-content\/uploads\/2018\/04\/no180418aci2-300x193.jpg 300w, http:\/\/www.portalmantena.com.br\/novo\/wp-content\/uploads\/2018\/04\/no180418aci2-696x447.jpg 696w, http:\/\/www.portalmantena.com.br\/novo\/wp-content\/uploads\/2018\/04\/no180418aci2-653x420.jpg 653w\" sizes=\"(max-width: 700px) 100vw, 700px\" \/><\/a><\/p>\n<p><span style=\"font-size: 14pt;\">Um acidente envolvendo uma moto e um \u00f4nibus foi registrado logo bem cedo nesta quarta-feira dia 18 de abril na avenida Frei Inoc\u00eancio no bairro Vila Nova. <\/span><\/p>\n<p><span style=\"font-size: 14pt;\">Segundo informa\u00e7\u00f5es, era por volta das 7h15\u2019 quando o condutor de um \u00f4nibus e uma moto Honda CG 150 de cor azul, seguiam no mesmo sentido pela avenida Frei Inoc\u00eancio, sentido bairro\/centro, quando segundo o condutor do \u00f4nibus ele havia dado seta indicando que entraria na rua Eug\u00eania Mol (rua que d\u00e1 acesso ao Est\u00e1dio Municipal). <\/span><\/p>\n<p><span style=\"font-size: 14pt;\">Foi quando ouviu o impacto e em seguida uma cena impressionante, a motocicleta estava completamente debaixo da dianteira esquerda do \u00f4nibus. <\/span><\/p>\n<p><span style=\"font-size: 14pt;\">Populares que passavam pelo local ajudaram a socorrer a v\u00edtima que foi encaminhada de ambul\u00e2ncia para o pronto atendimento no hospital S\u00e3o Vicente em Mantena, apresentando ferimentos em uma das pernas. De acordo com informa\u00e7\u00f5es a v\u00edtima estava l\u00facida. <\/span><\/p>\n<p><span style=\"font-size: 14pt;\">A pol\u00edcia militar foi acionada e compareceu ao local, sinalizando a \u00e1rea pois o tr\u00e2nsito ficou interditado neste trecho em fun\u00e7\u00e3o do pr\u00f3prio bloqueio do \u00f4nibus. <\/span><\/p>\n<p><span style=\"font-size: 14pt;\">At\u00e9 a retirada da motocicleta (que ficou presa debaixo do \u00f4nibus) o tr\u00e2nsito ficou bloqueado nos dois sentidos. As imagens s\u00e3o realmente impressionantes e leva a uma reflex\u00e3o aos motoristas e motociclistas mantenenses. <\/span><\/p>\n<p><span style=\"font-size: 14pt;\">Muitos acidentes acontecendo no tr\u00e2nsito pela cidade neste primeiro semestre de 2018, isso preocupa pois em muitas ocorr\u00eancias as v\u00edtimas s\u00e3o fatais. Vale a pena dirigir com mais cuidado e aten\u00e7\u00e3o, e principalmente respeitando as leis de tr\u00e2nsito.<\/span><\/p>\n<p><a href=\"http:\/\/www.portalmantena.com.br\/novo\/wp-content\/uploads\/2018\/04\/no180418aci3.jpg\"><img loading=\"lazy\" class=\"alignnone size-full wp-image-27293\" src=\"http:\/\/www.portalmantena.com.br\/novo\/wp-content\/uploads\/2018\/04\/no180418aci3.jpg\" alt=\"\" width=\"700\" height=\"450\" srcset=\"http:\/\/www.portalmantena.com.br\/novo\/wp-content\/uploads\/2018\/04\/no180418aci3.jpg 700w, http:\/\/www.portalmantena.com.br\/novo\/wp-content\/uploads\/2018\/04\/no180418aci3-300x193.jpg 300w, http:\/\/www.portalmantena.com.br\/novo\/wp-content\/uploads\/2018\/04\/no180418aci3-696x447.jpg 696w, http:\/\/www.portalmantena.com.br\/novo\/wp-content\/uploads\/2018\/04\/no180418aci3-653x420.jpg 653w\" sizes=\"(max-width: 700px) 100vw, 700px\" \/><\/a> <a href=\"http:\/\/www.portalmantena.com.br\/novo\/wp-content\/uploads\/2018\/04\/no180418aci4.jpg\"><img loading=\"lazy\" class=\"alignnone size-full wp-image-27294\" src=\"http:\/\/www.portalmantena.com.br\/novo\/wp-content\/uploads\/2018\/04\/no180418aci4.jpg\" alt=\"\" width=\"700\" height=\"450\" srcset=\"http:\/\/www.portalmantena.com.br\/novo\/wp-content\/uploads\/2018\/04\/no180418aci4.jpg 700w, http:\/\/www.portalmantena.com.br\/novo\/wp-content\/uploads\/2018\/04\/no180418aci4-300x193.jpg 300w, http:\/\/www.portalmantena.com.br\/novo\/wp-content\/uploads\/2018\/04\/no180418aci4-696x447.jpg 696w, http:\/\/www.portalmantena.com.br\/novo\/wp-content\/uploads\/2018\/04\/no180418aci4-653x420.jpg 653w\" sizes=\"(max-width: 700px) 100vw, 700px\" \/><\/a> <a href=\"http:\/\/www.portalmantena.com.br\/novo\/wp-content\/uploads\/2018\/04\/no180418aci5.jpg\"><img loading=\"lazy\" class=\"alignnone size-full wp-image-27295\" src=\"http:\/\/www.portalmantena.com.br\/novo\/wp-content\/uploads\/2018\/04\/no180418aci5.jpg\" alt=\"\" width=\"700\" height=\"450\" srcset=\"http:\/\/www.portalmantena.com.br\/novo\/wp-content\/uploads\/2018\/04\/no180418aci5.jpg 700w, http:\/\/www.portalmantena.com.br\/novo\/wp-content\/uploads\/2018\/04\/no180418aci5-300x193.jpg 300w, http:\/\/www.portalmantena.com.br\/novo\/wp-content\/uploads\/2018\/04\/no180418aci5-696x447.jpg 696w, http:\/\/www.portalmantena.com.br\/novo\/wp-content\/uploads\/2018\/04\/no180418aci5-653x420.jpg 653w\" sizes=\"(max-width: 700px) 100vw, 700px\" \/><\/a> <a href=\"http:\/\/www.portalmantena.com.br\/novo\/wp-content\/uploads\/2018\/04\/no180418aci6.jpg\"><img loading=\"lazy\" class=\"alignnone size-full wp-image-27296\" src=\"http:\/\/www.portalmantena.com.br\/novo\/wp-content\/uploads\/2018\/04\/no180418aci6.jpg\" alt=\"\" width=\"700\" height=\"450\" srcset=\"http:\/\/www.portalmantena.com.br\/novo\/wp-content\/uploads\/2018\/04\/no180418aci6.jpg 700w, http:\/\/www.portalmantena.com.br\/novo\/wp-content\/uploads\/2018\/04\/no180418aci6-300x193.jpg 300w, http:\/\/www.portalmantena.com.br\/novo\/wp-content\/uploads\/2018\/04\/no180418aci6-696x447.jpg 696w, http:\/\/www.portalmantena.com.br\/novo\/wp-content\/uploads\/2018\/04\/no180418aci6-653x420.jpg 653w\" sizes=\"(max-width: 700px) 100vw, 700px\" \/><\/a> <a href=\"http:\/\/www.portalmantena.com.br\/novo\/wp-content\/uploads\/2018\/04\/no180418aci7.jpg\"><img loading=\"lazy\" class=\"alignnone size-full wp-image-27297\" src=\"http:\/\/www.portalmantena.com.br\/novo\/wp-content\/uploads\/2018\/04\/no180418aci7.jpg\" alt=\"\" width=\"700\" height=\"450\" srcset=\"http:\/\/www.portalmantena.com.br\/novo\/wp-content\/uploads\/2018\/04\/no180418aci7.jpg 700w, http:\/\/www.portalmantena.com.br\/novo\/wp-content\/uploads\/2018\/04\/no180418aci7-300x193.jpg 300w, http:\/\/www.portalmantena.com.br\/novo\/wp-content\/uploads\/2018\/04\/no180418aci7-696x447.jpg 696w, http:\/\/www.portalmantena.com.br\/novo\/wp-content\/uploads\/2018\/04\/no180418aci7-653x420.jpg 653w\" sizes=\"(max-width: 700px) 100vw, 700px\" \/><\/a><\/p>\n","protected":false},"excerpt":{"rendered":"<p>Um acidente envolvendo uma moto e um \u00f4nibus foi registrado logo bem cedo nesta quarta-feira dia 18 de abril na avenida Frei Inoc\u00eancio no bairro Vila Nova. Segundo informa\u00e7\u00f5es, era por volta das 7h15\u2019 quando o condutor de um \u00f4nibus e uma moto Honda CG 150 de cor azul, seguiam no mesmo sentido pela avenida [&hellip;]<\/p>\n","protected":false},"author":1,"featured_media":27292,"comment_status":"open","ping_status":"open","sticky":false,"template":"","format":"standard","meta":[],"categories":[36,11],"tags":[],"_links":{"self":[{"href":"http:\/\/www.portalmantena.com.br\/novo\/index.php?rest_route=\/wp\/v2\/posts\/27290"}],"collection":[{"href":"http:\/\/www.portalmantena.com.br\/novo\/index.php?rest_route=\/wp\/v2\/posts"}],"about":[{"href":"http:\/\/www.portalmantena.com.br\/novo\/index.php?rest_route=\/wp\/v2\/types\/post"}],"author":[{"embeddable":true,"href":"http:\/\/www.portalmantena.com.br\/novo\/index.php?rest_route=\/wp\/v2\/users\/1"}],"replies":[{"embeddable":true,"href":"http:\/\/www.portalmantena.com.br\/novo\/index.php?rest_route=%2Fwp%2Fv2%2Fcomments&post=27290"}],"version-history":[{"count":2,"href":"http:\/\/www.portalmantena.com.br\/novo\/index.php?rest_route=\/wp\/v2\/posts\/27290\/revisions"}],"predecessor-version":[{"id":27343,"href":"http:\/\/www.portalmantena.com.br\/novo\/index.php?rest_route=\/wp\/v2\/posts\/27290\/revisions\/27343"}],"wp:featuredmedia":[{"embeddable":true,"href":"http:\/\/www.portalmantena.com.br\/novo\/index.php?rest_route=\/wp\/v2\/media\/27292"}],"wp:attachment":[{"href":"http:\/\/www.portalmantena.com.br\/novo\/index.php?rest_route=%2Fwp%2Fv2%2Fmedia&parent=27290"}],"wp:term":[{"taxonomy":"category","embeddable":true,"href":"http:\/\/www.portalmantena.com.br\/novo\/index.php?rest_route=%2Fwp%2Fv2%2Fcategories&post=27290"},{"taxonomy":"post_tag","embeddable":true,"href":"http:\/\/www.portalmantena.com.br\/novo\/index.php?rest_route=%2Fwp%2Fv2%2Ftags&post=27290"}],"curies":[{"name":"wp","href":"https:\/\/api.w.org\/{rel}","templated":true}]}}