{"id":27272,"date":"2018-04-17T18:31:19","date_gmt":"2018-04-17T21:31:19","guid":{"rendered":"http:\/\/www.portalmantena.com.br\/novo\/?p=27272"},"modified":"2018-04-17T13:40:55","modified_gmt":"2018-04-17T16:40:55","slug":"amigos-do-team-penning-se-reunindo-pela-regiao-show","status":"publish","type":"post","link":"http:\/\/www.portalmantena.com.br\/novo\/?p=27272","title":{"rendered":"Amigos do Team Penning se reunindo pela regi\u00e3o, SHOW"},"content":{"rendered":"<p><a href=\"http:\/\/www.portalmantena.com.br\/novo\/wp-content\/uploads\/2018\/04\/vi170418cavalo.jpg\"><img loading=\"lazy\" class=\"alignnone size-full wp-image-27273\" src=\"http:\/\/www.portalmantena.com.br\/novo\/wp-content\/uploads\/2018\/04\/vi170418cavalo.jpg\" alt=\"\" width=\"700\" height=\"450\" srcset=\"http:\/\/www.portalmantena.com.br\/novo\/wp-content\/uploads\/2018\/04\/vi170418cavalo.jpg 700w, http:\/\/www.portalmantena.com.br\/novo\/wp-content\/uploads\/2018\/04\/vi170418cavalo-300x193.jpg 300w, http:\/\/www.portalmantena.com.br\/novo\/wp-content\/uploads\/2018\/04\/vi170418cavalo-696x447.jpg 696w, http:\/\/www.portalmantena.com.br\/novo\/wp-content\/uploads\/2018\/04\/vi170418cavalo-653x420.jpg 653w\" sizes=\"(max-width: 700px) 100vw, 700px\" \/><\/a><\/p>\n<p><span style=\"font-size: 14pt;\">Galera de Mantena participando da 3\u00aa etapa do Circuito AMIGOS UNIDOS do TEAM PENNING 2018.<\/span><\/p>\n<p><span style=\"font-size: 14pt;\"> Galera bastante animada apoiando esta modalidade esportiva na regi\u00e3o, ali\u00e1s, categoria que s\u00f3 vem aumentando seu n\u00famero de praticantes, aliando boas turmas, confraterniza\u00e7\u00e3o, esporte e amizade. <\/span><\/p>\n<p><span style=\"font-size: 14pt;\">Evento aconteceu em uma propriedade no munic\u00edpio de Central de Minas.<\/span><\/p>\n","protected":false},"excerpt":{"rendered":"<p>Galera de Mantena participando da 3\u00aa etapa do Circuito AMIGOS UNIDOS do TEAM PENNING 2018. Galera bastante animada apoiando esta modalidade esportiva na regi\u00e3o, ali\u00e1s, categoria que s\u00f3 vem aumentando seu n\u00famero de praticantes, aliando boas turmas, confraterniza\u00e7\u00e3o, esporte e amizade. Evento aconteceu em uma propriedade no munic\u00edpio de Central de Minas.<\/p>\n","protected":false},"author":1,"featured_media":27273,"comment_status":"open","ping_status":"open","sticky":false,"template":"","format":"standard","meta":[],"categories":[7],"tags":[],"_links":{"self":[{"href":"http:\/\/www.portalmantena.com.br\/novo\/index.php?rest_route=\/wp\/v2\/posts\/27272"}],"collection":[{"href":"http:\/\/www.portalmantena.com.br\/novo\/index.php?rest_route=\/wp\/v2\/posts"}],"about":[{"href":"http:\/\/www.portalmantena.com.br\/novo\/index.php?rest_route=\/wp\/v2\/types\/post"}],"author":[{"embeddable":true,"href":"http:\/\/www.portalmantena.com.br\/novo\/index.php?rest_route=\/wp\/v2\/users\/1"}],"replies":[{"embeddable":true,"href":"http:\/\/www.portalmantena.com.br\/novo\/index.php?rest_route=%2Fwp%2Fv2%2Fcomments&post=27272"}],"version-history":[{"count":1,"href":"http:\/\/www.portalmantena.com.br\/novo\/index.php?rest_route=\/wp\/v2\/posts\/27272\/revisions"}],"predecessor-version":[{"id":27274,"href":"http:\/\/www.portalmantena.com.br\/novo\/index.php?rest_route=\/wp\/v2\/posts\/27272\/revisions\/27274"}],"wp:featuredmedia":[{"embeddable":true,"href":"http:\/\/www.portalmantena.com.br\/novo\/index.php?rest_route=\/wp\/v2\/media\/27273"}],"wp:attachment":[{"href":"http:\/\/www.portalmantena.com.br\/novo\/index.php?rest_route=%2Fwp%2Fv2%2Fmedia&parent=27272"}],"wp:term":[{"taxonomy":"category","embeddable":true,"href":"http:\/\/www.portalmantena.com.br\/novo\/index.php?rest_route=%2Fwp%2Fv2%2Fcategories&post=27272"},{"taxonomy":"post_tag","embeddable":true,"href":"http:\/\/www.portalmantena.com.br\/novo\/index.php?rest_route=%2Fwp%2Fv2%2Ftags&post=27272"}],"curies":[{"name":"wp","href":"https:\/\/api.w.org\/{rel}","templated":true}]}}