{"id":27248,"date":"2018-04-17T09:37:35","date_gmt":"2018-04-17T12:37:35","guid":{"rendered":"http:\/\/www.portalmantena.com.br\/novo\/?p=27248"},"modified":"2018-04-17T09:41:44","modified_gmt":"2018-04-17T12:41:44","slug":"legislativo-autoriza-parcelamento-da-divida-do-municipio-com-o-imp","status":"publish","type":"post","link":"http:\/\/www.portalmantena.com.br\/novo\/?p=27248","title":{"rendered":"Legislativo autoriza parcelamento da d\u00edvida do Munic\u00edpio com o IMP"},"content":{"rendered":"<p><a href=\"http:\/\/www.portalmantena.com.br\/novo\/wp-content\/uploads\/2018\/04\/no170418projeto1.jpg\"><img loading=\"lazy\" class=\"alignnone size-full wp-image-27249\" src=\"http:\/\/www.portalmantena.com.br\/novo\/wp-content\/uploads\/2018\/04\/no170418projeto1.jpg\" alt=\"\" width=\"700\" height=\"450\" srcset=\"http:\/\/www.portalmantena.com.br\/novo\/wp-content\/uploads\/2018\/04\/no170418projeto1.jpg 700w, http:\/\/www.portalmantena.com.br\/novo\/wp-content\/uploads\/2018\/04\/no170418projeto1-300x193.jpg 300w, http:\/\/www.portalmantena.com.br\/novo\/wp-content\/uploads\/2018\/04\/no170418projeto1-696x447.jpg 696w, http:\/\/www.portalmantena.com.br\/novo\/wp-content\/uploads\/2018\/04\/no170418projeto1-653x420.jpg 653w\" sizes=\"(max-width: 700px) 100vw, 700px\" \/><\/a><\/p>\n<p><span style=\"font-size: 14pt;\">Na manh\u00e3 da \u00faltima quinta-feira dia 12 de abril, sob a presid\u00eancia do vereador Rob\u00e9rio Francisco Costa, aconteceu no plen\u00e1rio da C\u00e2mara Municipal de Mantena, uma reuni\u00e3o extraordin\u00e1ria em regime de urg\u00eancia especial para tratar do projeto de lei 007\/2018 de 06\/04\/2018 que disp\u00f5e sobre o reparcelamento e parcelamento de d\u00e9bitos do Munic\u00edpio de Mantena com seu regime pr\u00f3prio de Previd\u00eancia Social RPPS, junto ao IMP (Instituto Municipal de Previd\u00eancia dos Servidores P\u00fablicos de Mantena). <\/span><\/p>\n<p><span style=\"font-size: 14pt;\">O Projeto de lei autoriza o munic\u00edpio a parcelar seu d\u00e9bito em at\u00e9 200 (duzentas) presta\u00e7\u00f5es mensais, iguais e sucessivas, de contribui\u00e7\u00f5es devidas pelo ente federativo, relativos a compet\u00eancias at\u00e9 mar\u00e7o de 2017. <\/span><\/p>\n<p><span style=\"font-size: 14pt;\">Os valores definitivos \u00e0 ordem de parcelamento ser\u00e3o aqueles informados pelo sistema CADPREV \u2013 Sistema de Informa\u00e7\u00f5es dos Regimes P\u00fablicos de Previd\u00eancia Social, para formaliza\u00e7\u00e3o do acordo de parcelamento, assim como as planilhas demonstrativas dos d\u00e9bitos previdenci\u00e1rios levantados pelo IMP. <\/span><\/p>\n<p><span style=\"font-size: 14pt;\">O projeto estabelece tamb\u00e9m que fica autorizado o parcelamento ou reparcelamento de d\u00e9bitos do munic\u00edpio de Mantena com o IMP das compet\u00eancias a partir de 04\/2017 em at\u00e9 60 (sessenta) presta\u00e7\u00f5es mensais, iguais e consecutivas, nos termos do artigo 5\u00ba da portaria MPS N\u00ba 402\/2008 sendo considerado parcelamento convencional. <\/span><\/p>\n<p><span style=\"font-size: 14pt;\">A justificativa apresentada pelo executivo que prop\u00f4s o parcelamento da d\u00edvida junto ao IMP foi apresentada ao legislativo, e a principal delas al\u00e9m de buscar a quita\u00e7\u00e3o dos d\u00e9bitos municipais com o IMP \u00e9 a regulariza\u00e7\u00e3o fiscal, que \u00e9 o requisito legal obrigat\u00f3rio para que os munic\u00edpios possam receber as transfer\u00eancias dos recursos federais e estaduais, celebrar acordos, contratos, conv\u00eanios ou ajustes, bem como receber empr\u00e9stimos, financiamentos, avais e subven\u00e7\u00f5es em geral de \u00f3rg\u00e3os ou entidades da administra\u00e7\u00e3o direta e indireta da uni\u00e3o, tornando-se necess\u00e1ria a regularidade relativa \u00e0 contribui\u00e7\u00f5es previdenci\u00e1rias, sendo o que se busca com o projeto de lei 007\/2018.<\/span><\/p>\n<p><span style=\"font-size: 14pt;\"> Diante de uma reuni\u00e3o t\u00e3o importante, muitos vereadores se pronunciaram na tribuna, por\u00e9m todos a favor do parcelamento da d\u00edvida, buscando assim o saneamento da d\u00edvida com o Instituto de Previd\u00eancia, o futuro dos servidores p\u00fablicos, institui\u00e7\u00e3o que necessita de todo acompanhamento, principalmente com rela\u00e7\u00e3o a sua vida financeira. <\/span><\/p>\n<p><span style=\"font-size: 14pt;\">Ao final, j\u00e1 diante da vota\u00e7\u00e3o, o Projeto de Lei 007\/2018 foi aprovado por Unanimidade de Votos.<\/span><\/p>\n<p><a href=\"http:\/\/www.portalmantena.com.br\/novo\/wp-content\/uploads\/2018\/04\/no170418projeto2.jpg\"><img loading=\"lazy\" class=\"alignnone size-full wp-image-27250\" src=\"http:\/\/www.portalmantena.com.br\/novo\/wp-content\/uploads\/2018\/04\/no170418projeto2.jpg\" alt=\"\" width=\"700\" height=\"450\" srcset=\"http:\/\/www.portalmantena.com.br\/novo\/wp-content\/uploads\/2018\/04\/no170418projeto2.jpg 700w, http:\/\/www.portalmantena.com.br\/novo\/wp-content\/uploads\/2018\/04\/no170418projeto2-300x193.jpg 300w, http:\/\/www.portalmantena.com.br\/novo\/wp-content\/uploads\/2018\/04\/no170418projeto2-696x447.jpg 696w, http:\/\/www.portalmantena.com.br\/novo\/wp-content\/uploads\/2018\/04\/no170418projeto2-653x420.jpg 653w\" sizes=\"(max-width: 700px) 100vw, 700px\" \/><\/a> <a href=\"http:\/\/www.portalmantena.com.br\/novo\/wp-content\/uploads\/2018\/04\/no170418projeto3.jpg\"><img loading=\"lazy\" class=\"alignnone size-full wp-image-27251\" src=\"http:\/\/www.portalmantena.com.br\/novo\/wp-content\/uploads\/2018\/04\/no170418projeto3.jpg\" alt=\"\" width=\"700\" height=\"450\" srcset=\"http:\/\/www.portalmantena.com.br\/novo\/wp-content\/uploads\/2018\/04\/no170418projeto3.jpg 700w, http:\/\/www.portalmantena.com.br\/novo\/wp-content\/uploads\/2018\/04\/no170418projeto3-300x193.jpg 300w, http:\/\/www.portalmantena.com.br\/novo\/wp-content\/uploads\/2018\/04\/no170418projeto3-696x447.jpg 696w, http:\/\/www.portalmantena.com.br\/novo\/wp-content\/uploads\/2018\/04\/no170418projeto3-653x420.jpg 653w\" sizes=\"(max-width: 700px) 100vw, 700px\" \/><\/a> <a href=\"http:\/\/www.portalmantena.com.br\/novo\/wp-content\/uploads\/2018\/04\/no170418projeto4.jpg\"><img loading=\"lazy\" class=\"alignnone size-full wp-image-27252\" src=\"http:\/\/www.portalmantena.com.br\/novo\/wp-content\/uploads\/2018\/04\/no170418projeto4.jpg\" alt=\"\" width=\"700\" height=\"450\" srcset=\"http:\/\/www.portalmantena.com.br\/novo\/wp-content\/uploads\/2018\/04\/no170418projeto4.jpg 700w, http:\/\/www.portalmantena.com.br\/novo\/wp-content\/uploads\/2018\/04\/no170418projeto4-300x193.jpg 300w, http:\/\/www.portalmantena.com.br\/novo\/wp-content\/uploads\/2018\/04\/no170418projeto4-696x447.jpg 696w, http:\/\/www.portalmantena.com.br\/novo\/wp-content\/uploads\/2018\/04\/no170418projeto4-653x420.jpg 653w\" sizes=\"(max-width: 700px) 100vw, 700px\" \/><\/a> <a href=\"http:\/\/www.portalmantena.com.br\/novo\/wp-content\/uploads\/2018\/04\/no170418projeto5.jpg\"><img loading=\"lazy\" class=\"alignnone size-full wp-image-27253\" src=\"http:\/\/www.portalmantena.com.br\/novo\/wp-content\/uploads\/2018\/04\/no170418projeto5.jpg\" alt=\"\" width=\"700\" height=\"450\" srcset=\"http:\/\/www.portalmantena.com.br\/novo\/wp-content\/uploads\/2018\/04\/no170418projeto5.jpg 700w, http:\/\/www.portalmantena.com.br\/novo\/wp-content\/uploads\/2018\/04\/no170418projeto5-300x193.jpg 300w, http:\/\/www.portalmantena.com.br\/novo\/wp-content\/uploads\/2018\/04\/no170418projeto5-696x447.jpg 696w, http:\/\/www.portalmantena.com.br\/novo\/wp-content\/uploads\/2018\/04\/no170418projeto5-653x420.jpg 653w\" sizes=\"(max-width: 700px) 100vw, 700px\" \/><\/a><\/p>\n","protected":false},"excerpt":{"rendered":"<p>Na manh\u00e3 da \u00faltima quinta-feira dia 12 de abril, sob a presid\u00eancia do vereador Rob\u00e9rio Francisco Costa, aconteceu no plen\u00e1rio da C\u00e2mara Municipal de Mantena, uma reuni\u00e3o extraordin\u00e1ria em regime de urg\u00eancia especial para tratar do projeto de lei 007\/2018 de 06\/04\/2018 que disp\u00f5e sobre o reparcelamento e parcelamento de d\u00e9bitos do Munic\u00edpio de Mantena [&hellip;]<\/p>\n","protected":false},"author":1,"featured_media":27249,"comment_status":"open","ping_status":"open","sticky":false,"template":"","format":"standard","meta":[],"categories":[36,12],"tags":[],"_links":{"self":[{"href":"http:\/\/www.portalmantena.com.br\/novo\/index.php?rest_route=\/wp\/v2\/posts\/27248"}],"collection":[{"href":"http:\/\/www.portalmantena.com.br\/novo\/index.php?rest_route=\/wp\/v2\/posts"}],"about":[{"href":"http:\/\/www.portalmantena.com.br\/novo\/index.php?rest_route=\/wp\/v2\/types\/post"}],"author":[{"embeddable":true,"href":"http:\/\/www.portalmantena.com.br\/novo\/index.php?rest_route=\/wp\/v2\/users\/1"}],"replies":[{"embeddable":true,"href":"http:\/\/www.portalmantena.com.br\/novo\/index.php?rest_route=%2Fwp%2Fv2%2Fcomments&post=27248"}],"version-history":[{"count":5,"href":"http:\/\/www.portalmantena.com.br\/novo\/index.php?rest_route=\/wp\/v2\/posts\/27248\/revisions"}],"predecessor-version":[{"id":27258,"href":"http:\/\/www.portalmantena.com.br\/novo\/index.php?rest_route=\/wp\/v2\/posts\/27248\/revisions\/27258"}],"wp:featuredmedia":[{"embeddable":true,"href":"http:\/\/www.portalmantena.com.br\/novo\/index.php?rest_route=\/wp\/v2\/media\/27249"}],"wp:attachment":[{"href":"http:\/\/www.portalmantena.com.br\/novo\/index.php?rest_route=%2Fwp%2Fv2%2Fmedia&parent=27248"}],"wp:term":[{"taxonomy":"category","embeddable":true,"href":"http:\/\/www.portalmantena.com.br\/novo\/index.php?rest_route=%2Fwp%2Fv2%2Fcategories&post=27248"},{"taxonomy":"post_tag","embeddable":true,"href":"http:\/\/www.portalmantena.com.br\/novo\/index.php?rest_route=%2Fwp%2Fv2%2Ftags&post=27248"}],"curies":[{"name":"wp","href":"https:\/\/api.w.org\/{rel}","templated":true}]}}