{"id":27241,"date":"2018-04-17T08:43:55","date_gmt":"2018-04-17T11:43:55","guid":{"rendered":"http:\/\/www.portalmantena.com.br\/novo\/?p=27241"},"modified":"2018-04-17T08:43:55","modified_gmt":"2018-04-17T11:43:55","slug":"circulo-de-mulheres-vem-crescendo-em-mantena","status":"publish","type":"post","link":"http:\/\/www.portalmantena.com.br\/novo\/?p=27241","title":{"rendered":"C\u00edrculo de Mulheres vem crescendo em Mantena"},"content":{"rendered":"<p><a href=\"http:\/\/www.portalmantena.com.br\/novo\/wp-content\/uploads\/2018\/04\/vi170418mulheres.jpg\"><img loading=\"lazy\" class=\"alignnone size-full wp-image-27243\" src=\"http:\/\/www.portalmantena.com.br\/novo\/wp-content\/uploads\/2018\/04\/vi170418mulheres.jpg\" alt=\"\" width=\"700\" height=\"450\" srcset=\"http:\/\/www.portalmantena.com.br\/novo\/wp-content\/uploads\/2018\/04\/vi170418mulheres.jpg 700w, http:\/\/www.portalmantena.com.br\/novo\/wp-content\/uploads\/2018\/04\/vi170418mulheres-300x193.jpg 300w, http:\/\/www.portalmantena.com.br\/novo\/wp-content\/uploads\/2018\/04\/vi170418mulheres-696x447.jpg 696w, http:\/\/www.portalmantena.com.br\/novo\/wp-content\/uploads\/2018\/04\/vi170418mulheres-653x420.jpg 653w\" sizes=\"(max-width: 700px) 100vw, 700px\" \/><\/a><\/p>\n<p><span style=\"font-size: 14pt;\">Um grupo que vem crescendo em Mantena se encontrou novamente esta semana no 5\u00ba c\u00edrculo de mulheres. <\/span><\/p>\n<p><span style=\"font-size: 14pt;\">Sob a coordena\u00e7\u00e3o da conhecida Martha Machado, o grupo proporciona um encontro terap\u00eautico uma vez por m\u00eas. <\/span><\/p>\n<p><span style=\"font-size: 14pt;\">Martha \u00e9 a guardi\u00e3 do c\u00edrculo de mulheres, ela \u00e9 graduada em Antropologia da mulher e Ecofeminismo. <\/span><\/p>\n<p><span style=\"font-size: 14pt;\">Neste espa\u00e7o elas tem a oportunidade de olhar para dentro de si mesmas e cuidar das feridas internas que s\u00e3o constru\u00eddas ao longo da vida. <\/span><\/p>\n<p><span style=\"font-size: 14pt;\">Este foi o 5\u00ba c\u00edrculo e atualmente participam 21 mulheres, grupo que vem a cada dia se expandindo pois iniciaram com 8 apenas.<\/span><\/p>\n","protected":false},"excerpt":{"rendered":"<p>Um grupo que vem crescendo em Mantena se encontrou novamente esta semana no 5\u00ba c\u00edrculo de mulheres. Sob a coordena\u00e7\u00e3o da conhecida Martha Machado, o grupo proporciona um encontro terap\u00eautico uma vez por m\u00eas. Martha \u00e9 a guardi\u00e3 do c\u00edrculo de mulheres, ela \u00e9 graduada em Antropologia da mulher e Ecofeminismo. Neste espa\u00e7o elas tem [&hellip;]<\/p>\n","protected":false},"author":1,"featured_media":27243,"comment_status":"open","ping_status":"open","sticky":false,"template":"","format":"standard","meta":[],"categories":[7],"tags":[],"_links":{"self":[{"href":"http:\/\/www.portalmantena.com.br\/novo\/index.php?rest_route=\/wp\/v2\/posts\/27241"}],"collection":[{"href":"http:\/\/www.portalmantena.com.br\/novo\/index.php?rest_route=\/wp\/v2\/posts"}],"about":[{"href":"http:\/\/www.portalmantena.com.br\/novo\/index.php?rest_route=\/wp\/v2\/types\/post"}],"author":[{"embeddable":true,"href":"http:\/\/www.portalmantena.com.br\/novo\/index.php?rest_route=\/wp\/v2\/users\/1"}],"replies":[{"embeddable":true,"href":"http:\/\/www.portalmantena.com.br\/novo\/index.php?rest_route=%2Fwp%2Fv2%2Fcomments&post=27241"}],"version-history":[{"count":1,"href":"http:\/\/www.portalmantena.com.br\/novo\/index.php?rest_route=\/wp\/v2\/posts\/27241\/revisions"}],"predecessor-version":[{"id":27244,"href":"http:\/\/www.portalmantena.com.br\/novo\/index.php?rest_route=\/wp\/v2\/posts\/27241\/revisions\/27244"}],"wp:featuredmedia":[{"embeddable":true,"href":"http:\/\/www.portalmantena.com.br\/novo\/index.php?rest_route=\/wp\/v2\/media\/27243"}],"wp:attachment":[{"href":"http:\/\/www.portalmantena.com.br\/novo\/index.php?rest_route=%2Fwp%2Fv2%2Fmedia&parent=27241"}],"wp:term":[{"taxonomy":"category","embeddable":true,"href":"http:\/\/www.portalmantena.com.br\/novo\/index.php?rest_route=%2Fwp%2Fv2%2Fcategories&post=27241"},{"taxonomy":"post_tag","embeddable":true,"href":"http:\/\/www.portalmantena.com.br\/novo\/index.php?rest_route=%2Fwp%2Fv2%2Ftags&post=27241"}],"curies":[{"name":"wp","href":"https:\/\/api.w.org\/{rel}","templated":true}]}}