{"id":27219,"date":"2018-04-16T18:51:30","date_gmt":"2018-04-16T21:51:30","guid":{"rendered":"http:\/\/www.portalmantena.com.br\/novo\/?p=27219"},"modified":"2018-04-16T13:52:41","modified_gmt":"2018-04-16T16:52:41","slug":"mantenense-ausente-festejando-aniversario-com-amigos","status":"publish","type":"post","link":"http:\/\/www.portalmantena.com.br\/novo\/?p=27219","title":{"rendered":"Mantenense ausente festejando anivers\u00e1rio com amigos"},"content":{"rendered":"<p><a href=\"http:\/\/www.portalmantena.com.br\/novo\/wp-content\/uploads\/2018\/04\/vi160418juliana1.jpg\"><img loading=\"lazy\" class=\"alignnone size-full wp-image-27220\" src=\"http:\/\/www.portalmantena.com.br\/novo\/wp-content\/uploads\/2018\/04\/vi160418juliana1.jpg\" alt=\"\" width=\"700\" height=\"450\" srcset=\"http:\/\/www.portalmantena.com.br\/novo\/wp-content\/uploads\/2018\/04\/vi160418juliana1.jpg 700w, http:\/\/www.portalmantena.com.br\/novo\/wp-content\/uploads\/2018\/04\/vi160418juliana1-300x193.jpg 300w, http:\/\/www.portalmantena.com.br\/novo\/wp-content\/uploads\/2018\/04\/vi160418juliana1-696x447.jpg 696w, http:\/\/www.portalmantena.com.br\/novo\/wp-content\/uploads\/2018\/04\/vi160418juliana1-653x420.jpg 653w\" sizes=\"(max-width: 700px) 100vw, 700px\" \/><\/a><\/p>\n<p><span style=\"font-size: 14pt;\">A nossa amiga, a mantenense ausente Juliana Souza, completou mais um ano de vida neste domingo dia 15 de abril, e a festa n\u00e3o poderia passar em branco. <\/span><\/p>\n<p><span style=\"font-size: 14pt;\">Ela recebeu v\u00e1rias amigas e amigos para este momento especial, e entre eles, Orleans, Luiz, Patr\u00edcia que s\u00e3o de Mantena e prestigiaram a amiga comemorando esta data mais que especial em sua vida. <\/span><\/p>\n<p><span style=\"font-size: 14pt;\">A festa ainda contou com um DJ animando a galera e uma amiga da aniversariante que cantou uma bela can\u00e7\u00e3o. Parab\u00e9ns Juliana, desejamos muitas e muitas felicidades.<\/span><\/p>\n<p><a href=\"http:\/\/www.portalmantena.com.br\/novo\/wp-content\/uploads\/2018\/04\/vi160418juliana2.jpg\"><img loading=\"lazy\" class=\"alignnone size-full wp-image-27221\" src=\"http:\/\/www.portalmantena.com.br\/novo\/wp-content\/uploads\/2018\/04\/vi160418juliana2.jpg\" alt=\"\" width=\"700\" height=\"450\" srcset=\"http:\/\/www.portalmantena.com.br\/novo\/wp-content\/uploads\/2018\/04\/vi160418juliana2.jpg 700w, http:\/\/www.portalmantena.com.br\/novo\/wp-content\/uploads\/2018\/04\/vi160418juliana2-300x193.jpg 300w, http:\/\/www.portalmantena.com.br\/novo\/wp-content\/uploads\/2018\/04\/vi160418juliana2-696x447.jpg 696w, http:\/\/www.portalmantena.com.br\/novo\/wp-content\/uploads\/2018\/04\/vi160418juliana2-653x420.jpg 653w\" sizes=\"(max-width: 700px) 100vw, 700px\" \/><\/a> <a href=\"http:\/\/www.portalmantena.com.br\/novo\/wp-content\/uploads\/2018\/04\/vi160418juliana3.jpg\"><img loading=\"lazy\" class=\"alignnone size-full wp-image-27222\" src=\"http:\/\/www.portalmantena.com.br\/novo\/wp-content\/uploads\/2018\/04\/vi160418juliana3.jpg\" alt=\"\" width=\"700\" height=\"450\" srcset=\"http:\/\/www.portalmantena.com.br\/novo\/wp-content\/uploads\/2018\/04\/vi160418juliana3.jpg 700w, http:\/\/www.portalmantena.com.br\/novo\/wp-content\/uploads\/2018\/04\/vi160418juliana3-300x193.jpg 300w, http:\/\/www.portalmantena.com.br\/novo\/wp-content\/uploads\/2018\/04\/vi160418juliana3-696x447.jpg 696w, http:\/\/www.portalmantena.com.br\/novo\/wp-content\/uploads\/2018\/04\/vi160418juliana3-653x420.jpg 653w\" sizes=\"(max-width: 700px) 100vw, 700px\" \/><\/a><\/p>\n","protected":false},"excerpt":{"rendered":"<p>A nossa amiga, a mantenense ausente Juliana Souza, completou mais um ano de vida neste domingo dia 15 de abril, e a festa n\u00e3o poderia passar em branco. Ela recebeu v\u00e1rias amigas e amigos para este momento especial, e entre eles, Orleans, Luiz, Patr\u00edcia que s\u00e3o de Mantena e prestigiaram a amiga comemorando esta data [&hellip;]<\/p>\n","protected":false},"author":1,"featured_media":27220,"comment_status":"open","ping_status":"open","sticky":false,"template":"","format":"standard","meta":[],"categories":[7],"tags":[],"_links":{"self":[{"href":"http:\/\/www.portalmantena.com.br\/novo\/index.php?rest_route=\/wp\/v2\/posts\/27219"}],"collection":[{"href":"http:\/\/www.portalmantena.com.br\/novo\/index.php?rest_route=\/wp\/v2\/posts"}],"about":[{"href":"http:\/\/www.portalmantena.com.br\/novo\/index.php?rest_route=\/wp\/v2\/types\/post"}],"author":[{"embeddable":true,"href":"http:\/\/www.portalmantena.com.br\/novo\/index.php?rest_route=\/wp\/v2\/users\/1"}],"replies":[{"embeddable":true,"href":"http:\/\/www.portalmantena.com.br\/novo\/index.php?rest_route=%2Fwp%2Fv2%2Fcomments&post=27219"}],"version-history":[{"count":1,"href":"http:\/\/www.portalmantena.com.br\/novo\/index.php?rest_route=\/wp\/v2\/posts\/27219\/revisions"}],"predecessor-version":[{"id":27223,"href":"http:\/\/www.portalmantena.com.br\/novo\/index.php?rest_route=\/wp\/v2\/posts\/27219\/revisions\/27223"}],"wp:featuredmedia":[{"embeddable":true,"href":"http:\/\/www.portalmantena.com.br\/novo\/index.php?rest_route=\/wp\/v2\/media\/27220"}],"wp:attachment":[{"href":"http:\/\/www.portalmantena.com.br\/novo\/index.php?rest_route=%2Fwp%2Fv2%2Fmedia&parent=27219"}],"wp:term":[{"taxonomy":"category","embeddable":true,"href":"http:\/\/www.portalmantena.com.br\/novo\/index.php?rest_route=%2Fwp%2Fv2%2Fcategories&post=27219"},{"taxonomy":"post_tag","embeddable":true,"href":"http:\/\/www.portalmantena.com.br\/novo\/index.php?rest_route=%2Fwp%2Fv2%2Ftags&post=27219"}],"curies":[{"name":"wp","href":"https:\/\/api.w.org\/{rel}","templated":true}]}}