{"id":27202,"date":"2018-04-16T19:00:18","date_gmt":"2018-04-16T22:00:18","guid":{"rendered":"http:\/\/www.portalmantena.com.br\/novo\/?p=27202"},"modified":"2018-04-16T11:01:29","modified_gmt":"2018-04-16T14:01:29","slug":"operacao-policial-cumpre-mandados-em-divino-das-laranjeiras","status":"publish","type":"post","link":"http:\/\/www.portalmantena.com.br\/novo\/?p=27202","title":{"rendered":"Opera\u00e7\u00e3o policial cumpre mandados em Divino das Laranjeiras"},"content":{"rendered":"<p><a href=\"http:\/\/www.portalmantena.com.br\/novo\/wp-content\/uploads\/2018\/04\/no160418civil.jpg\"><img loading=\"lazy\" class=\"alignnone size-full wp-image-27203\" src=\"http:\/\/www.portalmantena.com.br\/novo\/wp-content\/uploads\/2018\/04\/no160418civil.jpg\" alt=\"\" width=\"700\" height=\"450\" srcset=\"http:\/\/www.portalmantena.com.br\/novo\/wp-content\/uploads\/2018\/04\/no160418civil.jpg 700w, http:\/\/www.portalmantena.com.br\/novo\/wp-content\/uploads\/2018\/04\/no160418civil-300x193.jpg 300w, http:\/\/www.portalmantena.com.br\/novo\/wp-content\/uploads\/2018\/04\/no160418civil-696x447.jpg 696w, http:\/\/www.portalmantena.com.br\/novo\/wp-content\/uploads\/2018\/04\/no160418civil-653x420.jpg 653w\" sizes=\"(max-width: 700px) 100vw, 700px\" \/><\/a><\/p>\n<p><span style=\"font-size: 14pt;\">Em Opera\u00e7\u00e3o Conjunta, as Pol\u00edcias Civil e Militar realizaram na \u00faltima quinta-feira dia 12 de abril, o cumprimento de mandados de pris\u00e3o e busca e apreens\u00e3o expedidos em desfavor de um indiv\u00edduo autor de crimes contra a dignidade sexual, em Divino das Laranjeiras. <\/span><\/p>\n<p><span style=\"font-size: 14pt;\">Na resid\u00eancia do autor foi realizada sua pris\u00e3o, sendo ainda apreendidos celulares, notebook, c\u00e2mera digital e diversos materiais relacionados com os crimes relacionados nos\u00a0mandados. <\/span><\/p>\n<p><span style=\"font-size: 14pt;\">Durante as buscas os policiais localizaram ainda um rev\u00f3lver calibre 32 com cinco muni\u00e7\u00f5es. <\/span><\/p>\n<p><span style=\"font-size: 14pt;\">O autor foi preso e encaminhado \u00e0 Delegacia Regional de Governador Valadares. (fonte\/foto:PM).<\/span><\/p>\n","protected":false},"excerpt":{"rendered":"<p>Em Opera\u00e7\u00e3o Conjunta, as Pol\u00edcias Civil e Militar realizaram na \u00faltima quinta-feira dia 12 de abril, o cumprimento de mandados de pris\u00e3o e busca e apreens\u00e3o expedidos em desfavor de um indiv\u00edduo autor de crimes contra a dignidade sexual, em Divino das Laranjeiras. Na resid\u00eancia do autor foi realizada sua pris\u00e3o, sendo ainda apreendidos celulares, [&hellip;]<\/p>\n","protected":false},"author":1,"featured_media":27203,"comment_status":"open","ping_status":"open","sticky":false,"template":"","format":"standard","meta":[],"categories":[11,34],"tags":[],"_links":{"self":[{"href":"http:\/\/www.portalmantena.com.br\/novo\/index.php?rest_route=\/wp\/v2\/posts\/27202"}],"collection":[{"href":"http:\/\/www.portalmantena.com.br\/novo\/index.php?rest_route=\/wp\/v2\/posts"}],"about":[{"href":"http:\/\/www.portalmantena.com.br\/novo\/index.php?rest_route=\/wp\/v2\/types\/post"}],"author":[{"embeddable":true,"href":"http:\/\/www.portalmantena.com.br\/novo\/index.php?rest_route=\/wp\/v2\/users\/1"}],"replies":[{"embeddable":true,"href":"http:\/\/www.portalmantena.com.br\/novo\/index.php?rest_route=%2Fwp%2Fv2%2Fcomments&post=27202"}],"version-history":[{"count":1,"href":"http:\/\/www.portalmantena.com.br\/novo\/index.php?rest_route=\/wp\/v2\/posts\/27202\/revisions"}],"predecessor-version":[{"id":27204,"href":"http:\/\/www.portalmantena.com.br\/novo\/index.php?rest_route=\/wp\/v2\/posts\/27202\/revisions\/27204"}],"wp:featuredmedia":[{"embeddable":true,"href":"http:\/\/www.portalmantena.com.br\/novo\/index.php?rest_route=\/wp\/v2\/media\/27203"}],"wp:attachment":[{"href":"http:\/\/www.portalmantena.com.br\/novo\/index.php?rest_route=%2Fwp%2Fv2%2Fmedia&parent=27202"}],"wp:term":[{"taxonomy":"category","embeddable":true,"href":"http:\/\/www.portalmantena.com.br\/novo\/index.php?rest_route=%2Fwp%2Fv2%2Fcategories&post=27202"},{"taxonomy":"post_tag","embeddable":true,"href":"http:\/\/www.portalmantena.com.br\/novo\/index.php?rest_route=%2Fwp%2Fv2%2Ftags&post=27202"}],"curies":[{"name":"wp","href":"https:\/\/api.w.org\/{rel}","templated":true}]}}