{"id":27197,"date":"2018-04-16T10:40:42","date_gmt":"2018-04-16T13:40:42","guid":{"rendered":"http:\/\/www.portalmantena.com.br\/novo\/?p=27197"},"modified":"2018-04-16T10:40:42","modified_gmt":"2018-04-16T13:40:42","slug":"vereador-paulinho-consegue-mais-uma-rede-pluvial","status":"publish","type":"post","link":"http:\/\/www.portalmantena.com.br\/novo\/?p=27197","title":{"rendered":"Vereador Paulinho consegue mais uma rede pluvial"},"content":{"rendered":"<p><a href=\"http:\/\/www.portalmantena.com.br\/novo\/wp-content\/uploads\/2018\/04\/no160418manilha2.jpg\"><img loading=\"lazy\" class=\"alignnone size-full wp-image-27199\" src=\"http:\/\/www.portalmantena.com.br\/novo\/wp-content\/uploads\/2018\/04\/no160418manilha2.jpg\" alt=\"\" width=\"700\" height=\"450\" srcset=\"http:\/\/www.portalmantena.com.br\/novo\/wp-content\/uploads\/2018\/04\/no160418manilha2.jpg 700w, http:\/\/www.portalmantena.com.br\/novo\/wp-content\/uploads\/2018\/04\/no160418manilha2-300x193.jpg 300w, http:\/\/www.portalmantena.com.br\/novo\/wp-content\/uploads\/2018\/04\/no160418manilha2-696x447.jpg 696w, http:\/\/www.portalmantena.com.br\/novo\/wp-content\/uploads\/2018\/04\/no160418manilha2-653x420.jpg 653w\" sizes=\"(max-width: 700px) 100vw, 700px\" \/><\/a><\/p>\n<p><span style=\"font-size: 14pt;\">Nos pr\u00f3ximos dias deve ser iniciada uma obra de grande import\u00e2ncia para o bairro Bela Vista em Mantena, que \u00e9 a constru\u00e7\u00e3o de mais uma rede pluvial na cidade. <\/span><\/p>\n<p><span style=\"font-size: 14pt;\">Atendendo um pedido dos moradores da rua Altamiro Vieira Dias (antiga rua B), o vereador Paulo Mariano (Paulinho do Loteamento), fez a indica\u00e7\u00e3o e ainda levou at\u00e9 o local o prefeito municipal Sr. Jo\u00e3o Rufino que viu de perto a necessidade dos moradores em retirar uma \u00e1gua parada que constantemente fica empossada no local, principalmente em \u00e9pocas de chuva. <\/span><\/p>\n<p><span style=\"font-size: 14pt;\">A rede pluvial ter\u00e1 instalada manilhas 0,80 mil\u00edmetros e com certeza resolver\u00e3o o problema no local. <\/span><\/p>\n<p><span style=\"font-size: 14pt;\">As manilhas j\u00e1 foram levadas at\u00e9 o local onde a rede ser\u00e1 constru\u00edda, isso j\u00e1 demonstra o empenho do vereador junto ao executivo municipal no sentido de buscar solu\u00e7\u00f5es para os problemas enfrentados pela comunidade no dia a dia. <\/span><\/p>\n<p><span style=\"font-size: 14pt;\">O vereador Paulo Mariano \u00e9 um dos legisladores que vem se empenhando em sua fun\u00e7\u00e3o de monitorar os problemas da comunidade de buscar uma solu\u00e7\u00e3o. Seu papel tem sido bem desempenhado, isso sem falar nas indica\u00e7\u00f5es e aprova\u00e7\u00f5es de projetos de lei importantes para a vida do mantenense.<\/span><\/p>\n<p><a href=\"http:\/\/www.portalmantena.com.br\/novo\/wp-content\/uploads\/2018\/04\/no160418manilha1.jpg\"><img loading=\"lazy\" class=\"alignnone size-full wp-image-27198\" src=\"http:\/\/www.portalmantena.com.br\/novo\/wp-content\/uploads\/2018\/04\/no160418manilha1.jpg\" alt=\"\" width=\"700\" height=\"450\" srcset=\"http:\/\/www.portalmantena.com.br\/novo\/wp-content\/uploads\/2018\/04\/no160418manilha1.jpg 700w, http:\/\/www.portalmantena.com.br\/novo\/wp-content\/uploads\/2018\/04\/no160418manilha1-300x193.jpg 300w, http:\/\/www.portalmantena.com.br\/novo\/wp-content\/uploads\/2018\/04\/no160418manilha1-696x447.jpg 696w, http:\/\/www.portalmantena.com.br\/novo\/wp-content\/uploads\/2018\/04\/no160418manilha1-653x420.jpg 653w\" sizes=\"(max-width: 700px) 100vw, 700px\" \/><\/a> <a href=\"http:\/\/www.portalmantena.com.br\/novo\/wp-content\/uploads\/2018\/04\/no160418manilha3.jpg\"><img loading=\"lazy\" class=\"alignnone size-full wp-image-27200\" src=\"http:\/\/www.portalmantena.com.br\/novo\/wp-content\/uploads\/2018\/04\/no160418manilha3.jpg\" alt=\"\" width=\"700\" height=\"450\" srcset=\"http:\/\/www.portalmantena.com.br\/novo\/wp-content\/uploads\/2018\/04\/no160418manilha3.jpg 700w, http:\/\/www.portalmantena.com.br\/novo\/wp-content\/uploads\/2018\/04\/no160418manilha3-300x193.jpg 300w, http:\/\/www.portalmantena.com.br\/novo\/wp-content\/uploads\/2018\/04\/no160418manilha3-696x447.jpg 696w, http:\/\/www.portalmantena.com.br\/novo\/wp-content\/uploads\/2018\/04\/no160418manilha3-653x420.jpg 653w\" sizes=\"(max-width: 700px) 100vw, 700px\" \/><\/a><\/p>\n","protected":false},"excerpt":{"rendered":"<p>Nos pr\u00f3ximos dias deve ser iniciada uma obra de grande import\u00e2ncia para o bairro Bela Vista em Mantena, que \u00e9 a constru\u00e7\u00e3o de mais uma rede pluvial na cidade. Atendendo um pedido dos moradores da rua Altamiro Vieira Dias (antiga rua B), o vereador Paulo Mariano (Paulinho do Loteamento), fez a indica\u00e7\u00e3o e ainda levou [&hellip;]<\/p>\n","protected":false},"author":1,"featured_media":27199,"comment_status":"open","ping_status":"open","sticky":false,"template":"","format":"standard","meta":[],"categories":[36,12],"tags":[],"_links":{"self":[{"href":"http:\/\/www.portalmantena.com.br\/novo\/index.php?rest_route=\/wp\/v2\/posts\/27197"}],"collection":[{"href":"http:\/\/www.portalmantena.com.br\/novo\/index.php?rest_route=\/wp\/v2\/posts"}],"about":[{"href":"http:\/\/www.portalmantena.com.br\/novo\/index.php?rest_route=\/wp\/v2\/types\/post"}],"author":[{"embeddable":true,"href":"http:\/\/www.portalmantena.com.br\/novo\/index.php?rest_route=\/wp\/v2\/users\/1"}],"replies":[{"embeddable":true,"href":"http:\/\/www.portalmantena.com.br\/novo\/index.php?rest_route=%2Fwp%2Fv2%2Fcomments&post=27197"}],"version-history":[{"count":1,"href":"http:\/\/www.portalmantena.com.br\/novo\/index.php?rest_route=\/wp\/v2\/posts\/27197\/revisions"}],"predecessor-version":[{"id":27201,"href":"http:\/\/www.portalmantena.com.br\/novo\/index.php?rest_route=\/wp\/v2\/posts\/27197\/revisions\/27201"}],"wp:featuredmedia":[{"embeddable":true,"href":"http:\/\/www.portalmantena.com.br\/novo\/index.php?rest_route=\/wp\/v2\/media\/27199"}],"wp:attachment":[{"href":"http:\/\/www.portalmantena.com.br\/novo\/index.php?rest_route=%2Fwp%2Fv2%2Fmedia&parent=27197"}],"wp:term":[{"taxonomy":"category","embeddable":true,"href":"http:\/\/www.portalmantena.com.br\/novo\/index.php?rest_route=%2Fwp%2Fv2%2Fcategories&post=27197"},{"taxonomy":"post_tag","embeddable":true,"href":"http:\/\/www.portalmantena.com.br\/novo\/index.php?rest_route=%2Fwp%2Fv2%2Ftags&post=27197"}],"curies":[{"name":"wp","href":"https:\/\/api.w.org\/{rel}","templated":true}]}}