{"id":27193,"date":"2018-04-16T10:05:28","date_gmt":"2018-04-16T13:05:28","guid":{"rendered":"http:\/\/www.portalmantena.com.br\/novo\/?p=27193"},"modified":"2018-04-16T10:06:05","modified_gmt":"2018-04-16T13:06:05","slug":"a-vida-e-a-desnecessaria-necessidade-de-competicao","status":"publish","type":"post","link":"http:\/\/www.portalmantena.com.br\/novo\/?p=27193","title":{"rendered":"A VIDA E A DESNECESS\u00c1RIA NECESSIDADE DE COMPETI\u00c7\u00c3O!"},"content":{"rendered":"<p><a href=\"http:\/\/www.portalmantena.com.br\/novo\/wp-content\/uploads\/2017\/08\/reflexao1.jpg\"><img loading=\"lazy\" class=\"alignnone size-full wp-image-12987\" src=\"http:\/\/www.portalmantena.com.br\/novo\/wp-content\/uploads\/2017\/08\/reflexao1.jpg\" alt=\"\" width=\"325\" height=\"180\" srcset=\"http:\/\/www.portalmantena.com.br\/novo\/wp-content\/uploads\/2017\/08\/reflexao1.jpg 325w, http:\/\/www.portalmantena.com.br\/novo\/wp-content\/uploads\/2017\/08\/reflexao1-300x166.jpg 300w, http:\/\/www.portalmantena.com.br\/novo\/wp-content\/uploads\/2017\/08\/reflexao1-324x180.jpg 324w\" sizes=\"(max-width: 325px) 100vw, 325px\" \/><\/a><\/p>\n<p>14 de\u00a0Abril<\/p>\n<p><span style=\"font-size: 18pt;\"><strong>A VIDA E A DESNECESS\u00c1RIA NECESSIDADE DE COMPETI\u00c7\u00c3O!<\/strong><\/span><\/p>\n<p><span style=\"font-size: 14pt;\">H\u00e1 alguns dias, assisti uma entrevista com o jornalista Ricardo Boechat, \u00e2ncora do jornalismo brasileiro pela Rede Bandeirantes de Televis\u00e3o. Na referida entrevista, veiculada no canal BandNews, ele contou um epis\u00f3dio sobre suas duas filhas mais novas. <\/span><\/p>\n<p><span style=\"font-size: 14pt;\">Segundo seu relato, elas foram matriculadas em uma escola e dentro de alguns meses, sua esposa procurou a dire\u00e7\u00e3o questionando o m\u00e9todo adotado para avalia\u00e7\u00e3o do rendimento dos alunos, em especial, no que dizia respeito \u00e0s suas filhas. <\/span><\/p>\n<p><span style=\"font-size: 14pt;\">O questionamento levantado pela esposa de Boechat foi em rela\u00e7\u00e3o \u00e0 preocupa\u00e7\u00e3o de que, segundo sua vis\u00e3o, a escola n\u00e3o tornava os alunos competitivos. <\/span><\/p>\n<p><span style=\"font-size: 14pt;\">A resposta dada pela dire\u00e7\u00e3o da escola foi fant\u00e1stica! A diretora afirmou que na sua escola, os alunos n\u00e3o eram ensinados a competir, mas a pensar \u201cpor que\u201d t\u00eam que competir. <\/span><\/p>\n<p><span style=\"font-size: 14pt;\">A partir da entrevista, fui provocado a pensar sobre a desnecess\u00e1ria necessidade de competi\u00e7\u00e3o reinante em nossos dias. Evidentemente, n\u00e3o descarto o fato de que o mundo est\u00e1 cada vez mais seletivo e, portanto, h\u00e1 de fato a necessidade de estarmos preparados para tanto. Mas a despeito disso, creio que temos nos tornado verdadeiros \u201cgladiadores\u201d sem necessidade. Isto \u00e9, a vida, embora seletiva, n\u00e3o \u00e9 e n\u00e3o pode ser uma competi\u00e7\u00e3o! Sendo assim, gostaria de compartilhar alguns conselhos para uma vida menos competitiva e, ao mesmo tempo, bem-sucedida. Preste aten\u00e7\u00e3o:<\/span><br \/>\n<span style=\"font-size: 14pt;\"><strong> 1)<\/strong> Fa\u00e7a o seu melhor por voc\u00ea e nunca para provar nada a ningu\u00e9m!<\/span><br \/>\n<span style=\"font-size: 14pt;\"><strong> 2)<\/strong> N\u00e3o me\u00e7a seu valor pela opini\u00e3o alheia, mas pelo grau de utilidade que voc\u00ea consegue atingir!<\/span><br \/>\n<span style=\"font-size: 14pt;\"><strong> 3)<\/strong> Nunca coloque as tend\u00eancias e os modismos acima de seus sonhos!<\/span><br \/>\n<span style=\"font-size: 14pt;\"><strong> 4)<\/strong> N\u00e3o leve t\u00e3o a s\u00e9rio a vida das pessoas nas redes sociais, pois na maioria das vezes, \u00e9 tudo fachada e um retrato \u201cplastificado\u201d da realidade escondida!<\/span><br \/>\n<span style=\"font-size: 14pt;\"><strong> 5)<\/strong> Tire li\u00e7\u00f5es de seus insucessos e ao inv\u00e9s de amargar fracassos, voc\u00ea ter\u00e1 aprendizados!<\/span><br \/>\n<span style=\"font-size: 14pt;\"><strong> 6)<\/strong> Nunca tente se estabelecer \u00e0s custas da elimina\u00e7\u00e3o de seus pares da sociedade. Al\u00e9m de ser um esfor\u00e7o imbecil, revela que o problema n\u00e3o est\u00e1 no outro, mas em voc\u00ea mesmo!<\/span><br \/>\n<span style=\"font-size: 14pt;\"><strong> 7)<\/strong> Tenha maturidade para divergir. Isto \u00e9, n\u00e3o condene ningu\u00e9m por ter uma opini\u00e3o diferente da sua, da mesma maneira que n\u00e3o deve se sentir condenado pela mesma raz\u00e3o!<\/span><br \/>\n<span style=\"font-size: 14pt;\"><strong> 8)<\/strong> Celebre a vit\u00f3ria de quem merece vencer!<\/span><br \/>\n<span style=\"font-size: 14pt;\"><strong> 9)<\/strong> Jamais celebre a derrota de quem merece ser derrotado! Tal comportamento \u00e9 reprovado por Deus e revela maldade no cora\u00e7\u00e3o. (Prov\u00e9rbios 24:17)<\/span><br \/>\n<span style=\"font-size: 14pt;\"><strong> 10)<\/strong> Lembre-se do que a Palavra de Deus nos ensina: Ame o teu pr\u00f3ximo como a ti mesmo! (Mateus 22:39).<\/span><br \/>\n<span style=\"font-size: 14pt;\"> Muito bem, sei que o mundo atual \u00e9 mesmo uma selva de pedra e que, justamente, por isso, a sociedade \u00e9 caracterizada pelo individualismo ego\u00edsta (desculpe a redund\u00e2ncia). <\/span><\/p>\n<p><span style=\"font-size: 14pt;\">Mas se entendermos que \u00e9 desnecess\u00e1rio assumir a necessidade de competir (desculpe o jogo de palavras), teremos um mundo melhor e mais, teremos, no plano pessoal, uma vida melhor e mais bem resolvida! Pense nisso e pare de competir sem sentido para ser algu\u00e9m!<\/span><\/p>\n<p>&nbsp;<br \/>\n<span style=\"font-size: 14pt;\"><strong> Pr. Marcelo Petrucci da Silva.<\/strong><\/span><\/p>\n","protected":false},"excerpt":{"rendered":"<p>14 de\u00a0Abril A VIDA E A DESNECESS\u00c1RIA NECESSIDADE DE COMPETI\u00c7\u00c3O! H\u00e1 alguns dias, assisti uma entrevista com o jornalista Ricardo Boechat, \u00e2ncora do jornalismo brasileiro pela Rede Bandeirantes de Televis\u00e3o. Na referida entrevista, veiculada no canal BandNews, ele contou um epis\u00f3dio sobre suas duas filhas mais novas. Segundo seu relato, elas foram matriculadas em uma [&hellip;]<\/p>\n","protected":false},"author":1,"featured_media":27194,"comment_status":"open","ping_status":"open","sticky":false,"template":"","format":"standard","meta":[],"categories":[56],"tags":[],"_links":{"self":[{"href":"http:\/\/www.portalmantena.com.br\/novo\/index.php?rest_route=\/wp\/v2\/posts\/27193"}],"collection":[{"href":"http:\/\/www.portalmantena.com.br\/novo\/index.php?rest_route=\/wp\/v2\/posts"}],"about":[{"href":"http:\/\/www.portalmantena.com.br\/novo\/index.php?rest_route=\/wp\/v2\/types\/post"}],"author":[{"embeddable":true,"href":"http:\/\/www.portalmantena.com.br\/novo\/index.php?rest_route=\/wp\/v2\/users\/1"}],"replies":[{"embeddable":true,"href":"http:\/\/www.portalmantena.com.br\/novo\/index.php?rest_route=%2Fwp%2Fv2%2Fcomments&post=27193"}],"version-history":[{"count":2,"href":"http:\/\/www.portalmantena.com.br\/novo\/index.php?rest_route=\/wp\/v2\/posts\/27193\/revisions"}],"predecessor-version":[{"id":27196,"href":"http:\/\/www.portalmantena.com.br\/novo\/index.php?rest_route=\/wp\/v2\/posts\/27193\/revisions\/27196"}],"wp:featuredmedia":[{"embeddable":true,"href":"http:\/\/www.portalmantena.com.br\/novo\/index.php?rest_route=\/wp\/v2\/media\/27194"}],"wp:attachment":[{"href":"http:\/\/www.portalmantena.com.br\/novo\/index.php?rest_route=%2Fwp%2Fv2%2Fmedia&parent=27193"}],"wp:term":[{"taxonomy":"category","embeddable":true,"href":"http:\/\/www.portalmantena.com.br\/novo\/index.php?rest_route=%2Fwp%2Fv2%2Fcategories&post=27193"},{"taxonomy":"post_tag","embeddable":true,"href":"http:\/\/www.portalmantena.com.br\/novo\/index.php?rest_route=%2Fwp%2Fv2%2Ftags&post=27193"}],"curies":[{"name":"wp","href":"https:\/\/api.w.org\/{rel}","templated":true}]}}