{"id":27185,"date":"2018-04-16T09:52:26","date_gmt":"2018-04-16T12:52:26","guid":{"rendered":"http:\/\/www.portalmantena.com.br\/novo\/?p=27185"},"modified":"2018-04-16T09:54:20","modified_gmt":"2018-04-16T12:54:20","slug":"samir-sofia-se-casaram-em-mantena-no-ultimo-sabado","status":"publish","type":"post","link":"http:\/\/www.portalmantena.com.br\/novo\/?p=27185","title":{"rendered":"Samir &#038; Sofia se casaram em Mantena no \u00faltimo s\u00e1bado"},"content":{"rendered":"<p><a href=\"http:\/\/www.portalmantena.com.br\/novo\/wp-content\/uploads\/2018\/04\/vi160418samir1.jpg\"><img loading=\"lazy\" class=\"alignnone size-full wp-image-27186\" src=\"http:\/\/www.portalmantena.com.br\/novo\/wp-content\/uploads\/2018\/04\/vi160418samir1.jpg\" alt=\"\" width=\"700\" height=\"450\" srcset=\"http:\/\/www.portalmantena.com.br\/novo\/wp-content\/uploads\/2018\/04\/vi160418samir1.jpg 700w, http:\/\/www.portalmantena.com.br\/novo\/wp-content\/uploads\/2018\/04\/vi160418samir1-300x193.jpg 300w, http:\/\/www.portalmantena.com.br\/novo\/wp-content\/uploads\/2018\/04\/vi160418samir1-696x447.jpg 696w, http:\/\/www.portalmantena.com.br\/novo\/wp-content\/uploads\/2018\/04\/vi160418samir1-653x420.jpg 653w\" sizes=\"(max-width: 700px) 100vw, 700px\" \/><\/a><\/p>\n<p><span style=\"font-size: 14pt;\">Um s\u00e1bado de muitas alegrias e emo\u00e7\u00f5es em Mantena, terra natal dos mantenenses, o casal Samir Seif eddine &amp; Sofia Batista (duas tradicionais fam\u00edlias mantenenses), que se uniram em uma cerim\u00f4nia acompanhada por amigos e familiares. <\/span><\/p>\n<p><span style=\"font-size: 14pt;\">O evento foi realizado em uma ch\u00e1cara em Mantena na manh\u00e3 do \u00faltimo s\u00e1bado dia 14 de Abril e marcou com certeza a vida dos que participaram deste momento. <\/span><\/p>\n<p><span style=\"font-size: 14pt;\">A reda\u00e7\u00e3o da Revista VITRINE aproveita a oportunidade para desejar toda felicidade a este belo casal, que o nosso Deus proteja e aben\u00e7oe esta uni\u00e3o.<\/span><\/p>\n<p><a href=\"http:\/\/www.portalmantena.com.br\/novo\/wp-content\/uploads\/2018\/04\/vi160418samir2.jpg\"><img loading=\"lazy\" class=\"alignnone size-full wp-image-27187\" src=\"http:\/\/www.portalmantena.com.br\/novo\/wp-content\/uploads\/2018\/04\/vi160418samir2.jpg\" alt=\"\" width=\"700\" height=\"450\" srcset=\"http:\/\/www.portalmantena.com.br\/novo\/wp-content\/uploads\/2018\/04\/vi160418samir2.jpg 700w, http:\/\/www.portalmantena.com.br\/novo\/wp-content\/uploads\/2018\/04\/vi160418samir2-300x193.jpg 300w, http:\/\/www.portalmantena.com.br\/novo\/wp-content\/uploads\/2018\/04\/vi160418samir2-696x447.jpg 696w, http:\/\/www.portalmantena.com.br\/novo\/wp-content\/uploads\/2018\/04\/vi160418samir2-653x420.jpg 653w\" sizes=\"(max-width: 700px) 100vw, 700px\" \/><\/a> <a href=\"http:\/\/www.portalmantena.com.br\/novo\/wp-content\/uploads\/2018\/04\/vi160418samir3.jpg\"><img loading=\"lazy\" class=\"alignnone size-full wp-image-27188\" src=\"http:\/\/www.portalmantena.com.br\/novo\/wp-content\/uploads\/2018\/04\/vi160418samir3.jpg\" alt=\"\" width=\"700\" height=\"450\" srcset=\"http:\/\/www.portalmantena.com.br\/novo\/wp-content\/uploads\/2018\/04\/vi160418samir3.jpg 700w, http:\/\/www.portalmantena.com.br\/novo\/wp-content\/uploads\/2018\/04\/vi160418samir3-300x193.jpg 300w, http:\/\/www.portalmantena.com.br\/novo\/wp-content\/uploads\/2018\/04\/vi160418samir3-696x447.jpg 696w, http:\/\/www.portalmantena.com.br\/novo\/wp-content\/uploads\/2018\/04\/vi160418samir3-653x420.jpg 653w\" sizes=\"(max-width: 700px) 100vw, 700px\" \/><\/a><\/p>\n","protected":false},"excerpt":{"rendered":"<p>Um s\u00e1bado de muitas alegrias e emo\u00e7\u00f5es em Mantena, terra natal dos mantenenses, o casal Samir Seif eddine &amp; Sofia Batista (duas tradicionais fam\u00edlias mantenenses), que se uniram em uma cerim\u00f4nia acompanhada por amigos e familiares. O evento foi realizado em uma ch\u00e1cara em Mantena na manh\u00e3 do \u00faltimo s\u00e1bado dia 14 de Abril e [&hellip;]<\/p>\n","protected":false},"author":1,"featured_media":27186,"comment_status":"open","ping_status":"open","sticky":false,"template":"","format":"standard","meta":[],"categories":[7],"tags":[],"_links":{"self":[{"href":"http:\/\/www.portalmantena.com.br\/novo\/index.php?rest_route=\/wp\/v2\/posts\/27185"}],"collection":[{"href":"http:\/\/www.portalmantena.com.br\/novo\/index.php?rest_route=\/wp\/v2\/posts"}],"about":[{"href":"http:\/\/www.portalmantena.com.br\/novo\/index.php?rest_route=\/wp\/v2\/types\/post"}],"author":[{"embeddable":true,"href":"http:\/\/www.portalmantena.com.br\/novo\/index.php?rest_route=\/wp\/v2\/users\/1"}],"replies":[{"embeddable":true,"href":"http:\/\/www.portalmantena.com.br\/novo\/index.php?rest_route=%2Fwp%2Fv2%2Fcomments&post=27185"}],"version-history":[{"count":2,"href":"http:\/\/www.portalmantena.com.br\/novo\/index.php?rest_route=\/wp\/v2\/posts\/27185\/revisions"}],"predecessor-version":[{"id":27190,"href":"http:\/\/www.portalmantena.com.br\/novo\/index.php?rest_route=\/wp\/v2\/posts\/27185\/revisions\/27190"}],"wp:featuredmedia":[{"embeddable":true,"href":"http:\/\/www.portalmantena.com.br\/novo\/index.php?rest_route=\/wp\/v2\/media\/27186"}],"wp:attachment":[{"href":"http:\/\/www.portalmantena.com.br\/novo\/index.php?rest_route=%2Fwp%2Fv2%2Fmedia&parent=27185"}],"wp:term":[{"taxonomy":"category","embeddable":true,"href":"http:\/\/www.portalmantena.com.br\/novo\/index.php?rest_route=%2Fwp%2Fv2%2Fcategories&post=27185"},{"taxonomy":"post_tag","embeddable":true,"href":"http:\/\/www.portalmantena.com.br\/novo\/index.php?rest_route=%2Fwp%2Fv2%2Ftags&post=27185"}],"curies":[{"name":"wp","href":"https:\/\/api.w.org\/{rel}","templated":true}]}}