{"id":27179,"date":"2018-04-17T18:36:32","date_gmt":"2018-04-17T21:36:32","guid":{"rendered":"http:\/\/www.portalmantena.com.br\/novo\/?p=27179"},"modified":"2018-04-16T09:38:42","modified_gmt":"2018-04-16T12:38:42","slug":"portalcidade-templo-da-primeira-igreja-batista-de-mantena","status":"publish","type":"post","link":"http:\/\/www.portalmantena.com.br\/novo\/?p=27179","title":{"rendered":"PortalCIDADE &#8211; Templo da Primeira Igreja Batista de Mantena"},"content":{"rendered":"<p><a href=\"http:\/\/www.portalmantena.com.br\/novo\/wp-content\/uploads\/2018\/04\/cidadefaixa.jpg\"><img loading=\"lazy\" class=\"alignnone size-full wp-image-26937\" src=\"http:\/\/www.portalmantena.com.br\/novo\/wp-content\/uploads\/2018\/04\/cidadefaixa.jpg\" alt=\"\" width=\"700\" height=\"70\" srcset=\"http:\/\/www.portalmantena.com.br\/novo\/wp-content\/uploads\/2018\/04\/cidadefaixa.jpg 700w, http:\/\/www.portalmantena.com.br\/novo\/wp-content\/uploads\/2018\/04\/cidadefaixa-300x30.jpg 300w, http:\/\/www.portalmantena.com.br\/novo\/wp-content\/uploads\/2018\/04\/cidadefaixa-696x70.jpg 696w\" sizes=\"(max-width: 700px) 100vw, 700px\" \/><\/a><a href=\"http:\/\/www.portalmantena.com.br\/novo\/wp-content\/uploads\/2018\/04\/cidadepib.jpg\"><img loading=\"lazy\" class=\"alignnone size-full wp-image-27177\" src=\"http:\/\/www.portalmantena.com.br\/novo\/wp-content\/uploads\/2018\/04\/cidadepib.jpg\" alt=\"\" width=\"700\" height=\"450\" srcset=\"http:\/\/www.portalmantena.com.br\/novo\/wp-content\/uploads\/2018\/04\/cidadepib.jpg 700w, http:\/\/www.portalmantena.com.br\/novo\/wp-content\/uploads\/2018\/04\/cidadepib-300x193.jpg 300w, http:\/\/www.portalmantena.com.br\/novo\/wp-content\/uploads\/2018\/04\/cidadepib-696x447.jpg 696w, http:\/\/www.portalmantena.com.br\/novo\/wp-content\/uploads\/2018\/04\/cidadepib-653x420.jpg 653w\" sizes=\"(max-width: 700px) 100vw, 700px\" \/><\/a>&gt;&gt; Fachada esquerda do templo da Primeira Igreja Batista de Mantena, situado \u00e0 Avenida Get\u00falio Vargas, 350. Igreja mais antiga do que a pr\u00f3pria cidade.<\/p>\n","protected":false},"excerpt":{"rendered":"<p>&gt;&gt; Fachada esquerda do templo da Primeira Igreja Batista de Mantena, situado \u00e0 Avenida Get\u00falio Vargas, 350. Igreja mais antiga do que a pr\u00f3pria cidade.<\/p>\n","protected":false},"author":1,"featured_media":27177,"comment_status":"open","ping_status":"open","sticky":false,"template":"","format":"standard","meta":[],"categories":[68],"tags":[],"_links":{"self":[{"href":"http:\/\/www.portalmantena.com.br\/novo\/index.php?rest_route=\/wp\/v2\/posts\/27179"}],"collection":[{"href":"http:\/\/www.portalmantena.com.br\/novo\/index.php?rest_route=\/wp\/v2\/posts"}],"about":[{"href":"http:\/\/www.portalmantena.com.br\/novo\/index.php?rest_route=\/wp\/v2\/types\/post"}],"author":[{"embeddable":true,"href":"http:\/\/www.portalmantena.com.br\/novo\/index.php?rest_route=\/wp\/v2\/users\/1"}],"replies":[{"embeddable":true,"href":"http:\/\/www.portalmantena.com.br\/novo\/index.php?rest_route=%2Fwp%2Fv2%2Fcomments&post=27179"}],"version-history":[{"count":1,"href":"http:\/\/www.portalmantena.com.br\/novo\/index.php?rest_route=\/wp\/v2\/posts\/27179\/revisions"}],"predecessor-version":[{"id":27180,"href":"http:\/\/www.portalmantena.com.br\/novo\/index.php?rest_route=\/wp\/v2\/posts\/27179\/revisions\/27180"}],"wp:featuredmedia":[{"embeddable":true,"href":"http:\/\/www.portalmantena.com.br\/novo\/index.php?rest_route=\/wp\/v2\/media\/27177"}],"wp:attachment":[{"href":"http:\/\/www.portalmantena.com.br\/novo\/index.php?rest_route=%2Fwp%2Fv2%2Fmedia&parent=27179"}],"wp:term":[{"taxonomy":"category","embeddable":true,"href":"http:\/\/www.portalmantena.com.br\/novo\/index.php?rest_route=%2Fwp%2Fv2%2Fcategories&post=27179"},{"taxonomy":"post_tag","embeddable":true,"href":"http:\/\/www.portalmantena.com.br\/novo\/index.php?rest_route=%2Fwp%2Fv2%2Ftags&post=27179"}],"curies":[{"name":"wp","href":"https:\/\/api.w.org\/{rel}","templated":true}]}}