{"id":2623,"date":"2017-03-10T19:44:42","date_gmt":"2017-03-10T19:44:42","guid":{"rendered":"http:\/\/www.portalmantena.com.br\/novo\/?p=2623"},"modified":"2017-03-10T19:44:42","modified_gmt":"2017-03-10T19:44:42","slug":"loja-de-celulares-tem-vitrine-quebrada-e-aparelhos-roubados-em-sao-francisco","status":"publish","type":"post","link":"http:\/\/www.portalmantena.com.br\/novo\/?p=2623","title":{"rendered":"Loja de celulares tem vitrine quebrada e aparelhos roubados em S\u00e3o Francisco"},"content":{"rendered":"<p><span style=\"font-size: 14pt;\">Vitrine com vidros estilha\u00e7ados no ch\u00e3o e preju\u00edzos, foi assim que um empres\u00e1rio da cidade de Barra de S\u00e3o Francisco acabou sendo surpreendido nesta quinta-feira. Uma loja que vende aparelhos celulares situada no centro da cidade, teve uma das vitrines quebrada por bandidos na madrugada desta quinta dia 09 de mar\u00e7o. <\/span><\/p>\n<p><span style=\"font-size: 14pt;\">Segundo informa\u00e7\u00f5es, v\u00e1rios aparelhos de celular foram roubados pelos ladr\u00f5es. A pol\u00edcia militar foi acionada por\u00e9m n\u00e3o conseguiu pistas sobre o paradeiro dos elementos, sabe-se que algu\u00e9m teria visto dois suspeitos correndo com objetos nas m\u00e3os depois de ter ouvido o barulho de uma vitrine sendo quebrada. <\/span><\/p>\n<p><span style=\"font-size: 14pt;\">Infelizmente se n\u00e3o bastasse a crise financeira pela qual passa o pa\u00eds, os lojistas acabam ficando no preju\u00edzo quando a\u00e7\u00f5es desta natureza acontecem e n\u00e3o se consegue reverter os fatos, pelo menos recuperando as mercadorias.<\/span><\/p>\n","protected":false},"excerpt":{"rendered":"<p>Vitrine com vidros estilha\u00e7ados no ch\u00e3o e preju\u00edzos, foi assim que um empres\u00e1rio da cidade de Barra de S\u00e3o Francisco acabou sendo surpreendido nesta quinta-feira. Uma loja que vende aparelhos celulares situada no centro da cidade, teve uma das vitrines quebrada por bandidos na madrugada desta quinta dia 09 de mar\u00e7o. Segundo informa\u00e7\u00f5es, v\u00e1rios aparelhos [&hellip;]<\/p>\n","protected":false},"author":1,"featured_media":0,"comment_status":"open","ping_status":"open","sticky":false,"template":"","format":"standard","meta":[],"categories":[24],"tags":[],"_links":{"self":[{"href":"http:\/\/www.portalmantena.com.br\/novo\/index.php?rest_route=\/wp\/v2\/posts\/2623"}],"collection":[{"href":"http:\/\/www.portalmantena.com.br\/novo\/index.php?rest_route=\/wp\/v2\/posts"}],"about":[{"href":"http:\/\/www.portalmantena.com.br\/novo\/index.php?rest_route=\/wp\/v2\/types\/post"}],"author":[{"embeddable":true,"href":"http:\/\/www.portalmantena.com.br\/novo\/index.php?rest_route=\/wp\/v2\/users\/1"}],"replies":[{"embeddable":true,"href":"http:\/\/www.portalmantena.com.br\/novo\/index.php?rest_route=%2Fwp%2Fv2%2Fcomments&post=2623"}],"version-history":[{"count":2,"href":"http:\/\/www.portalmantena.com.br\/novo\/index.php?rest_route=\/wp\/v2\/posts\/2623\/revisions"}],"predecessor-version":[{"id":2625,"href":"http:\/\/www.portalmantena.com.br\/novo\/index.php?rest_route=\/wp\/v2\/posts\/2623\/revisions\/2625"}],"wp:attachment":[{"href":"http:\/\/www.portalmantena.com.br\/novo\/index.php?rest_route=%2Fwp%2Fv2%2Fmedia&parent=2623"}],"wp:term":[{"taxonomy":"category","embeddable":true,"href":"http:\/\/www.portalmantena.com.br\/novo\/index.php?rest_route=%2Fwp%2Fv2%2Fcategories&post=2623"},{"taxonomy":"post_tag","embeddable":true,"href":"http:\/\/www.portalmantena.com.br\/novo\/index.php?rest_route=%2Fwp%2Fv2%2Ftags&post=2623"}],"curies":[{"name":"wp","href":"https:\/\/api.w.org\/{rel}","templated":true}]}}