{"id":2620,"date":"2017-03-10T19:34:37","date_gmt":"2017-03-10T19:34:37","guid":{"rendered":"http:\/\/www.portalmantena.com.br\/novo\/?p=2620"},"modified":"2017-03-10T19:34:37","modified_gmt":"2017-03-10T19:34:37","slug":"prefeitura-de-baixo-guandu-atendendo-os-produtores-rurais-com-estradas","status":"publish","type":"post","link":"http:\/\/www.portalmantena.com.br\/novo\/?p=2620","title":{"rendered":"Prefeitura de Baixo Guandu atendendo os produtores rurais com estradas"},"content":{"rendered":"<p><a href=\"http:\/\/www.portalmantena.com.br\/novo\/wp-content\/uploads\/2017\/03\/no100317estradas.jpg\"><img loading=\"lazy\" class=\"alignnone size-full wp-image-2621\" src=\"http:\/\/www.portalmantena.com.br\/novo\/wp-content\/uploads\/2017\/03\/no100317estradas.jpg\" alt=\"\" width=\"700\" height=\"450\" srcset=\"http:\/\/www.portalmantena.com.br\/novo\/wp-content\/uploads\/2017\/03\/no100317estradas.jpg 700w, http:\/\/www.portalmantena.com.br\/novo\/wp-content\/uploads\/2017\/03\/no100317estradas-300x193.jpg 300w, http:\/\/www.portalmantena.com.br\/novo\/wp-content\/uploads\/2017\/03\/no100317estradas-696x447.jpg 696w, http:\/\/www.portalmantena.com.br\/novo\/wp-content\/uploads\/2017\/03\/no100317estradas-653x420.jpg 653w\" sizes=\"(max-width: 700px) 100vw, 700px\" \/><\/a><\/p>\n<p><span style=\"font-size: 14pt;\">A Prefeitura Municipal de Baixo Guandu iniciou nesta\u00a0semana um cronograma de recupera\u00e7\u00e3o das estradas do interior. O primeiro trecho contemplado \u00e9 o que liga a sede ao distrito do KM 14, que j\u00e1 est\u00e1 recebendo uma s\u00e9rie de melhorias, que ser\u00e3o estendidas tamb\u00e9m \u00e0 regi\u00e3o de Ibituba, Santa Rosa e Vila Nova do Bananal. <\/span><\/p>\n<p><span style=\"font-size: 14pt;\">O secret\u00e1rio de Agricultura Allony Torres explicou que a recupera\u00e7\u00e3o est\u00e1 sendo feita com uma frente com patrol, p\u00e1 carregadeira, retroescavadeira e caminh\u00f5es. Uma das preocupa\u00e7\u00f5es da Prefeitura com a recupera\u00e7\u00e3o mais r\u00e1pidas das estradas, diz respeito \u00e0 colheita do caf\u00e9 conilon, que normalmente se inicia na regi\u00e3o interiorana a partir da segunda quinzena de abril. <\/span><\/p>\n<p><span style=\"font-size: 14pt;\">O movimento nas estradas aumenta bastante a partir deste per\u00edodo, levando trabalhadores e escoando depois a safra.(fonte\/foto:portalguandu)<\/span><\/p>\n","protected":false},"excerpt":{"rendered":"<p>A Prefeitura Municipal de Baixo Guandu iniciou nesta\u00a0semana um cronograma de recupera\u00e7\u00e3o das estradas do interior. O primeiro trecho contemplado \u00e9 o que liga a sede ao distrito do KM 14, que j\u00e1 est\u00e1 recebendo uma s\u00e9rie de melhorias, que ser\u00e3o estendidas tamb\u00e9m \u00e0 regi\u00e3o de Ibituba, Santa Rosa e Vila Nova do Bananal. O [&hellip;]<\/p>\n","protected":false},"author":1,"featured_media":2621,"comment_status":"open","ping_status":"open","sticky":false,"template":"","format":"standard","meta":[],"categories":[11,39],"tags":[],"_links":{"self":[{"href":"http:\/\/www.portalmantena.com.br\/novo\/index.php?rest_route=\/wp\/v2\/posts\/2620"}],"collection":[{"href":"http:\/\/www.portalmantena.com.br\/novo\/index.php?rest_route=\/wp\/v2\/posts"}],"about":[{"href":"http:\/\/www.portalmantena.com.br\/novo\/index.php?rest_route=\/wp\/v2\/types\/post"}],"author":[{"embeddable":true,"href":"http:\/\/www.portalmantena.com.br\/novo\/index.php?rest_route=\/wp\/v2\/users\/1"}],"replies":[{"embeddable":true,"href":"http:\/\/www.portalmantena.com.br\/novo\/index.php?rest_route=%2Fwp%2Fv2%2Fcomments&post=2620"}],"version-history":[{"count":1,"href":"http:\/\/www.portalmantena.com.br\/novo\/index.php?rest_route=\/wp\/v2\/posts\/2620\/revisions"}],"predecessor-version":[{"id":2622,"href":"http:\/\/www.portalmantena.com.br\/novo\/index.php?rest_route=\/wp\/v2\/posts\/2620\/revisions\/2622"}],"wp:featuredmedia":[{"embeddable":true,"href":"http:\/\/www.portalmantena.com.br\/novo\/index.php?rest_route=\/wp\/v2\/media\/2621"}],"wp:attachment":[{"href":"http:\/\/www.portalmantena.com.br\/novo\/index.php?rest_route=%2Fwp%2Fv2%2Fmedia&parent=2620"}],"wp:term":[{"taxonomy":"category","embeddable":true,"href":"http:\/\/www.portalmantena.com.br\/novo\/index.php?rest_route=%2Fwp%2Fv2%2Fcategories&post=2620"},{"taxonomy":"post_tag","embeddable":true,"href":"http:\/\/www.portalmantena.com.br\/novo\/index.php?rest_route=%2Fwp%2Fv2%2Ftags&post=2620"}],"curies":[{"name":"wp","href":"https:\/\/api.w.org\/{rel}","templated":true}]}}