{"id":2590,"date":"2017-03-10T15:49:24","date_gmt":"2017-03-10T15:49:24","guid":{"rendered":"http:\/\/www.portalmantena.com.br\/novo\/?p=2590"},"modified":"2017-03-10T15:49:24","modified_gmt":"2017-03-10T15:49:24","slug":"campeao-mundial-com-a-espanha-xabi-alonso-anuncia-aposentadoria","status":"publish","type":"post","link":"http:\/\/www.portalmantena.com.br\/novo\/?p=2590","title":{"rendered":"Campe\u00e3o mundial com a Espanha, Xabi Alonso anuncia aposentadoria"},"content":{"rendered":"<p><a href=\"http:\/\/www.portalmantena.com.br\/novo\/wp-content\/uploads\/2017\/03\/es100317xabi.jpg\"><img loading=\"lazy\" class=\"alignnone size-full wp-image-2591\" src=\"http:\/\/www.portalmantena.com.br\/novo\/wp-content\/uploads\/2017\/03\/es100317xabi.jpg\" alt=\"\" width=\"650\" height=\"420\" srcset=\"http:\/\/www.portalmantena.com.br\/novo\/wp-content\/uploads\/2017\/03\/es100317xabi.jpg 650w, http:\/\/www.portalmantena.com.br\/novo\/wp-content\/uploads\/2017\/03\/es100317xabi-300x194.jpg 300w\" sizes=\"(max-width: 650px) 100vw, 650px\" \/><\/a><\/p>\n<p><span style=\"font-size: 14pt; color: #003366;\">Campe\u00e3o mundial com a Espanha, Xabi Alonso anuncia aposentadoria<\/span><\/p>\n<p><span style=\"font-size: 14pt;\">&gt;&gt;&gt;Volante titular da Espanha na conquista da Copa do Mundo de 2010, Xabi Alonso vai se aposentar ao fim da atual temporada na Europa. O jogador de 35 anos, que segue dono do meio-campo do Bayern de Munique, anunciou sua decis\u00e3o nesta quinta-feira, explicando que quer parar de jogar enquanto ainda pode atuar em alto n\u00edvel. &#8220;N\u00e3o foi uma decis\u00e3o dif\u00edcil, mas eu acredito que \u00e9 a hora certa. Eu ainda me sinto bem, eu acredito que \u00e9 o momento certo. Eu queria terminar minha carreira ainda no mais alto n\u00edvel e o Bayern \u00e9 o mais alto n\u00edvel. Estou incrivelmente orgulhoso e feliz de jogar pelo Bayern e ser parte desta fam\u00edlia&#8221;, disse o jogador ao canal de v\u00eddeo do clube alem\u00e3o. (fonte\/foto:band)<\/span><\/p>\n","protected":false},"excerpt":{"rendered":"<p>Campe\u00e3o mundial com a Espanha, Xabi Alonso anuncia aposentadoria &gt;&gt;&gt;Volante titular da Espanha na conquista da Copa do Mundo de 2010, Xabi Alonso vai se aposentar ao fim da atual temporada na Europa. O jogador de 35 anos, que segue dono do meio-campo do Bayern de Munique, anunciou sua decis\u00e3o nesta quinta-feira, explicando que quer [&hellip;]<\/p>\n","protected":false},"author":1,"featured_media":2591,"comment_status":"open","ping_status":"open","sticky":false,"template":"","format":"standard","meta":[],"categories":[22],"tags":[],"_links":{"self":[{"href":"http:\/\/www.portalmantena.com.br\/novo\/index.php?rest_route=\/wp\/v2\/posts\/2590"}],"collection":[{"href":"http:\/\/www.portalmantena.com.br\/novo\/index.php?rest_route=\/wp\/v2\/posts"}],"about":[{"href":"http:\/\/www.portalmantena.com.br\/novo\/index.php?rest_route=\/wp\/v2\/types\/post"}],"author":[{"embeddable":true,"href":"http:\/\/www.portalmantena.com.br\/novo\/index.php?rest_route=\/wp\/v2\/users\/1"}],"replies":[{"embeddable":true,"href":"http:\/\/www.portalmantena.com.br\/novo\/index.php?rest_route=%2Fwp%2Fv2%2Fcomments&post=2590"}],"version-history":[{"count":2,"href":"http:\/\/www.portalmantena.com.br\/novo\/index.php?rest_route=\/wp\/v2\/posts\/2590\/revisions"}],"predecessor-version":[{"id":2593,"href":"http:\/\/www.portalmantena.com.br\/novo\/index.php?rest_route=\/wp\/v2\/posts\/2590\/revisions\/2593"}],"wp:featuredmedia":[{"embeddable":true,"href":"http:\/\/www.portalmantena.com.br\/novo\/index.php?rest_route=\/wp\/v2\/media\/2591"}],"wp:attachment":[{"href":"http:\/\/www.portalmantena.com.br\/novo\/index.php?rest_route=%2Fwp%2Fv2%2Fmedia&parent=2590"}],"wp:term":[{"taxonomy":"category","embeddable":true,"href":"http:\/\/www.portalmantena.com.br\/novo\/index.php?rest_route=%2Fwp%2Fv2%2Fcategories&post=2590"},{"taxonomy":"post_tag","embeddable":true,"href":"http:\/\/www.portalmantena.com.br\/novo\/index.php?rest_route=%2Fwp%2Fv2%2Ftags&post=2590"}],"curies":[{"name":"wp","href":"https:\/\/api.w.org\/{rel}","templated":true}]}}