{"id":2587,"date":"2017-03-10T15:48:37","date_gmt":"2017-03-10T15:48:37","guid":{"rendered":"http:\/\/www.portalmantena.com.br\/novo\/?p=2587"},"modified":"2017-03-10T15:48:37","modified_gmt":"2017-03-10T15:48:37","slug":"brasil-reencontrara-a-alemanha-em-amistoso-em-berlim-antes-da-copa","status":"publish","type":"post","link":"http:\/\/www.portalmantena.com.br\/novo\/?p=2587","title":{"rendered":"Brasil reencontrar\u00e1 a Alemanha em amistoso em Berlim antes da Copa"},"content":{"rendered":"<p><a href=\"http:\/\/www.portalmantena.com.br\/novo\/wp-content\/uploads\/2017\/03\/es100317jogo.jpg\"><img loading=\"lazy\" class=\"alignnone size-full wp-image-2588\" src=\"http:\/\/www.portalmantena.com.br\/novo\/wp-content\/uploads\/2017\/03\/es100317jogo.jpg\" alt=\"\" width=\"650\" height=\"420\" srcset=\"http:\/\/www.portalmantena.com.br\/novo\/wp-content\/uploads\/2017\/03\/es100317jogo.jpg 650w, http:\/\/www.portalmantena.com.br\/novo\/wp-content\/uploads\/2017\/03\/es100317jogo-300x194.jpg 300w\" sizes=\"(max-width: 650px) 100vw, 650px\" \/><\/a><\/p>\n<p><span style=\"font-size: 14pt; color: #003366;\">Brasil reencontrar\u00e1 a Alemanha em amistoso em Berlim antes da Copa<\/span><\/p>\n<p><span style=\"font-size: 14pt;\">&gt;&gt;&gt;A CBF confirmou nesta sexta-feira que a sele\u00e7\u00e3o brasileira reencontrar\u00e1 a Alemanha, em amistoso marcado para o ano que vem no Est\u00e1dio Ol\u00edmpico de Berlim. O pedido vem do t\u00e9cnico Tite, que deseja enfrentar equipes de peso antes da Copa do Mundo da R\u00fassia, e as duas federa\u00e7\u00f5es marcaram o duelo para uma Data Fifa ap\u00f3s a disputa das eliminat\u00f3rias: dia 27 de mar\u00e7o de 2018. Ser\u00e1 o primeiro confronto entre os times principais dos dois pa\u00edses desde o 7&#215;1 na semifinal do \u00faltimo Mundial. &#8211; Jogar contra uma sele\u00e7\u00e3o de alto n\u00edvel, como a Alemanha, ser\u00e1 uma prova fundamental para nossos atletas e comiss\u00e3o t\u00e9cnica. Ainda mais por se tratar de um jogo na casa do advers\u00e1rio e em um ano important\u00edssimo para nossa Sele\u00e7\u00e3o &#8211; disse o coordenador de Sele\u00e7\u00f5es, Edu Gaspar. Al\u00e9m do Brasil, a Alemanha, l\u00edder em seu grupo nas eliminat\u00f3rias com 100% de aproveitamento, ainda faz outro amistoso de peso, quatro dias antes, com a Espanha em Duesseldorf. &#8211; As partidas contra Espanha e Brasil certamente v\u00e3o oferecer um gostinho do que vir\u00e1 por a\u00ed na Copa do Mundo da R\u00fassia, onde o time de Joachim L\u00f6w far\u00e1 de tudo para defender o t\u00edtulo &#8211; disse o presidente da Federa\u00e7\u00e3o Alem\u00e3 de Futebol, Reinhard Grindel. (fonte\/foto:globo)<\/span><\/p>\n","protected":false},"excerpt":{"rendered":"<p>Brasil reencontrar\u00e1 a Alemanha em amistoso em Berlim antes da Copa &gt;&gt;&gt;A CBF confirmou nesta sexta-feira que a sele\u00e7\u00e3o brasileira reencontrar\u00e1 a Alemanha, em amistoso marcado para o ano que vem no Est\u00e1dio Ol\u00edmpico de Berlim. O pedido vem do t\u00e9cnico Tite, que deseja enfrentar equipes de peso antes da Copa do Mundo da R\u00fassia, [&hellip;]<\/p>\n","protected":false},"author":1,"featured_media":2588,"comment_status":"open","ping_status":"open","sticky":false,"template":"","format":"standard","meta":[],"categories":[22],"tags":[],"_links":{"self":[{"href":"http:\/\/www.portalmantena.com.br\/novo\/index.php?rest_route=\/wp\/v2\/posts\/2587"}],"collection":[{"href":"http:\/\/www.portalmantena.com.br\/novo\/index.php?rest_route=\/wp\/v2\/posts"}],"about":[{"href":"http:\/\/www.portalmantena.com.br\/novo\/index.php?rest_route=\/wp\/v2\/types\/post"}],"author":[{"embeddable":true,"href":"http:\/\/www.portalmantena.com.br\/novo\/index.php?rest_route=\/wp\/v2\/users\/1"}],"replies":[{"embeddable":true,"href":"http:\/\/www.portalmantena.com.br\/novo\/index.php?rest_route=%2Fwp%2Fv2%2Fcomments&post=2587"}],"version-history":[{"count":1,"href":"http:\/\/www.portalmantena.com.br\/novo\/index.php?rest_route=\/wp\/v2\/posts\/2587\/revisions"}],"predecessor-version":[{"id":2589,"href":"http:\/\/www.portalmantena.com.br\/novo\/index.php?rest_route=\/wp\/v2\/posts\/2587\/revisions\/2589"}],"wp:featuredmedia":[{"embeddable":true,"href":"http:\/\/www.portalmantena.com.br\/novo\/index.php?rest_route=\/wp\/v2\/media\/2588"}],"wp:attachment":[{"href":"http:\/\/www.portalmantena.com.br\/novo\/index.php?rest_route=%2Fwp%2Fv2%2Fmedia&parent=2587"}],"wp:term":[{"taxonomy":"category","embeddable":true,"href":"http:\/\/www.portalmantena.com.br\/novo\/index.php?rest_route=%2Fwp%2Fv2%2Fcategories&post=2587"},{"taxonomy":"post_tag","embeddable":true,"href":"http:\/\/www.portalmantena.com.br\/novo\/index.php?rest_route=%2Fwp%2Fv2%2Ftags&post=2587"}],"curies":[{"name":"wp","href":"https:\/\/api.w.org\/{rel}","templated":true}]}}