{"id":2584,"date":"2017-03-10T15:47:49","date_gmt":"2017-03-10T15:47:49","guid":{"rendered":"http:\/\/www.portalmantena.com.br\/novo\/?p=2584"},"modified":"2017-03-10T15:47:49","modified_gmt":"2017-03-10T15:47:49","slug":"barca-renova-com-rakitic-um-dia-apos-6-a-1-sobre-psg","status":"publish","type":"post","link":"http:\/\/www.portalmantena.com.br\/novo\/?p=2584","title":{"rendered":"Bar\u00e7a renova com Rakitic um dia ap\u00f3s 6 a 1 sobre PSG"},"content":{"rendered":"<p><a href=\"http:\/\/www.portalmantena.com.br\/novo\/wp-content\/uploads\/2017\/03\/es100317rakititi.jpg\"><img loading=\"lazy\" class=\"alignnone size-full wp-image-2585\" src=\"http:\/\/www.portalmantena.com.br\/novo\/wp-content\/uploads\/2017\/03\/es100317rakititi.jpg\" alt=\"\" width=\"650\" height=\"420\" srcset=\"http:\/\/www.portalmantena.com.br\/novo\/wp-content\/uploads\/2017\/03\/es100317rakititi.jpg 650w, http:\/\/www.portalmantena.com.br\/novo\/wp-content\/uploads\/2017\/03\/es100317rakititi-300x194.jpg 300w\" sizes=\"(max-width: 650px) 100vw, 650px\" \/><\/a><\/p>\n<p><span style=\"font-size: 14pt; color: #003366;\">Bar\u00e7a renova com Rakitic um dia ap\u00f3s 6 a 1 sobre PSG<\/span><\/p>\n<p><span style=\"font-size: 14pt;\">&gt;&gt;&gt;O Barcelona anunciou nesta quinta-feira que chegou a um acordo para renovar o contrato do meia Ivan Rakitic at\u00e9 o fim da temporada 2020\/2021. O acerto aconteceu somente um dia ap\u00f3s o jogador croata estar em campo na hist\u00f3rica retomada do clube catal\u00e3o, com a goleada por 6 a 1 sobre o Paris Saint-Germain na Liga dos Campe\u00f5es. De acordo com comunicado divulgado pelo Barcelona, o contrato ser\u00e1 oficialmente assinado nesta sexta. O novo v\u00ednculo tem dura\u00e7\u00e3o at\u00e9 o dia 31 de junho de 2021 e vem acompanhado de uma valoriza\u00e7\u00e3o salarial, que far\u00e1 com que a multa rescis\u00f3ria do jogador passe para 125 milh\u00f5es de euros. &#8220;Desde que aterrissou no Camp Nou no ver\u00e3o de 2014, Ivan Rakitic \u00e9 uma pe\u00e7a imprescind\u00edvel nos esquemas de Luis Enrique. O croata chegou ao Barcelona com 26 anos depois de brilhar no Sevilla, e desde o primeiro dia se converteu em um jogador importante no meio de campo do time&#8221;, exaltou o Barcelona. S\u00e3o 145 partidas oficiais de Rakitic pelo Barcelona, nas quais marcou 23 gols e conquistou uma Liga dos Campe\u00f5es, dois Campeonatos Espanh\u00f3is, duas Copas do Rei, uma Supercopa da Europa, uma Supercopa da Espanha e um Mundial de Clubes. Al\u00e9m do clube e do Sevilla, ele defendeu na carreira o Basel e o Schalke 04. (fonte\/foto:band)<\/span><\/p>\n","protected":false},"excerpt":{"rendered":"<p>Bar\u00e7a renova com Rakitic um dia ap\u00f3s 6 a 1 sobre PSG &gt;&gt;&gt;O Barcelona anunciou nesta quinta-feira que chegou a um acordo para renovar o contrato do meia Ivan Rakitic at\u00e9 o fim da temporada 2020\/2021. O acerto aconteceu somente um dia ap\u00f3s o jogador croata estar em campo na hist\u00f3rica retomada do clube catal\u00e3o, [&hellip;]<\/p>\n","protected":false},"author":1,"featured_media":2585,"comment_status":"open","ping_status":"open","sticky":false,"template":"","format":"standard","meta":[],"categories":[22],"tags":[],"_links":{"self":[{"href":"http:\/\/www.portalmantena.com.br\/novo\/index.php?rest_route=\/wp\/v2\/posts\/2584"}],"collection":[{"href":"http:\/\/www.portalmantena.com.br\/novo\/index.php?rest_route=\/wp\/v2\/posts"}],"about":[{"href":"http:\/\/www.portalmantena.com.br\/novo\/index.php?rest_route=\/wp\/v2\/types\/post"}],"author":[{"embeddable":true,"href":"http:\/\/www.portalmantena.com.br\/novo\/index.php?rest_route=\/wp\/v2\/users\/1"}],"replies":[{"embeddable":true,"href":"http:\/\/www.portalmantena.com.br\/novo\/index.php?rest_route=%2Fwp%2Fv2%2Fcomments&post=2584"}],"version-history":[{"count":1,"href":"http:\/\/www.portalmantena.com.br\/novo\/index.php?rest_route=\/wp\/v2\/posts\/2584\/revisions"}],"predecessor-version":[{"id":2586,"href":"http:\/\/www.portalmantena.com.br\/novo\/index.php?rest_route=\/wp\/v2\/posts\/2584\/revisions\/2586"}],"wp:featuredmedia":[{"embeddable":true,"href":"http:\/\/www.portalmantena.com.br\/novo\/index.php?rest_route=\/wp\/v2\/media\/2585"}],"wp:attachment":[{"href":"http:\/\/www.portalmantena.com.br\/novo\/index.php?rest_route=%2Fwp%2Fv2%2Fmedia&parent=2584"}],"wp:term":[{"taxonomy":"category","embeddable":true,"href":"http:\/\/www.portalmantena.com.br\/novo\/index.php?rest_route=%2Fwp%2Fv2%2Fcategories&post=2584"},{"taxonomy":"post_tag","embeddable":true,"href":"http:\/\/www.portalmantena.com.br\/novo\/index.php?rest_route=%2Fwp%2Fv2%2Ftags&post=2584"}],"curies":[{"name":"wp","href":"https:\/\/api.w.org\/{rel}","templated":true}]}}