{"id":2575,"date":"2017-03-10T15:45:20","date_gmt":"2017-03-10T15:45:20","guid":{"rendered":"http:\/\/www.portalmantena.com.br\/novo\/?p=2575"},"modified":"2017-03-10T15:45:20","modified_gmt":"2017-03-10T15:45:20","slug":"gremio-volta-a-porto-alegre-apos-estreia-com-vitoria-na-libertadores","status":"publish","type":"post","link":"http:\/\/www.portalmantena.com.br\/novo\/?p=2575","title":{"rendered":"Gr\u00eamio volta a Porto Alegre ap\u00f3s estr\u00e9ia com vit\u00f3ria na Libertadores"},"content":{"rendered":"<p><a href=\"http:\/\/www.portalmantena.com.br\/novo\/wp-content\/uploads\/2017\/03\/es100317gremio.jpg\"><img loading=\"lazy\" class=\"alignnone size-full wp-image-2576\" src=\"http:\/\/www.portalmantena.com.br\/novo\/wp-content\/uploads\/2017\/03\/es100317gremio.jpg\" alt=\"\" width=\"650\" height=\"420\" srcset=\"http:\/\/www.portalmantena.com.br\/novo\/wp-content\/uploads\/2017\/03\/es100317gremio.jpg 650w, http:\/\/www.portalmantena.com.br\/novo\/wp-content\/uploads\/2017\/03\/es100317gremio-300x194.jpg 300w\" sizes=\"(max-width: 650px) 100vw, 650px\" \/><\/a><\/p>\n<p><span style=\"font-size: 14pt; color: #000080;\">Gr\u00eamio volta a Porto Alegre ap\u00f3s estr\u00e9ia com vit\u00f3ria na Libertadores<\/span><\/p>\n<p><span style=\"font-size: 14pt;\">&gt;&gt;&gt;Ap\u00f3s estrear com o p\u00e9 direito na Libertadores, o Gr\u00eamio est\u00e1 de volta a Porto Alegre. A delega\u00e7\u00e3o tricolor desembarcou pouco antes das 11h desta sexta-feira no Aeroporto Salgado Filho satisfeita com a vit\u00f3ria por 2 a 0 sobre o Zamora, na quinta-feira, no Est\u00e1dio La Carolina. O clube deixou a Venezuela logo ap\u00f3s a partida, em voo fretado. Os jogadores ganham folga no restante da sexta-feira e se reapresentam na manh\u00e3 de s\u00e1bado. No domingo, nova folga, j\u00e1 que n\u00e3o h\u00e1 compromissos pelo Gauch\u00e3o. Com o resultado na Venezuela, o Gr\u00eamio larga como l\u00edder da chave pelo saldo de gols, com os mesmos tr\u00eas pontos do Guaran\u00ed, do Paraguai. O time s\u00f3 volta a campo pela Libertadores em abril, no dia 11, quando recebe o Deportes Iquique, do Chile, \u00e0s 21h45, na Arena. Bem antes, o Tricolor foca no Estadual. A equipe enfrenta o Brasil de Pelotas \u00e0s 21h45 da pr\u00f3xima quarta-feira, no Bento Freitas, pela s\u00e9tima rodada do Gauch\u00e3o. (fonte\/foto:globo)<\/span><\/p>\n","protected":false},"excerpt":{"rendered":"<p>Gr\u00eamio volta a Porto Alegre ap\u00f3s estr\u00e9ia com vit\u00f3ria na Libertadores &gt;&gt;&gt;Ap\u00f3s estrear com o p\u00e9 direito na Libertadores, o Gr\u00eamio est\u00e1 de volta a Porto Alegre. A delega\u00e7\u00e3o tricolor desembarcou pouco antes das 11h desta sexta-feira no Aeroporto Salgado Filho satisfeita com a vit\u00f3ria por 2 a 0 sobre o Zamora, na quinta-feira, no [&hellip;]<\/p>\n","protected":false},"author":1,"featured_media":2576,"comment_status":"open","ping_status":"open","sticky":false,"template":"","format":"standard","meta":[],"categories":[22],"tags":[],"_links":{"self":[{"href":"http:\/\/www.portalmantena.com.br\/novo\/index.php?rest_route=\/wp\/v2\/posts\/2575"}],"collection":[{"href":"http:\/\/www.portalmantena.com.br\/novo\/index.php?rest_route=\/wp\/v2\/posts"}],"about":[{"href":"http:\/\/www.portalmantena.com.br\/novo\/index.php?rest_route=\/wp\/v2\/types\/post"}],"author":[{"embeddable":true,"href":"http:\/\/www.portalmantena.com.br\/novo\/index.php?rest_route=\/wp\/v2\/users\/1"}],"replies":[{"embeddable":true,"href":"http:\/\/www.portalmantena.com.br\/novo\/index.php?rest_route=%2Fwp%2Fv2%2Fcomments&post=2575"}],"version-history":[{"count":1,"href":"http:\/\/www.portalmantena.com.br\/novo\/index.php?rest_route=\/wp\/v2\/posts\/2575\/revisions"}],"predecessor-version":[{"id":2577,"href":"http:\/\/www.portalmantena.com.br\/novo\/index.php?rest_route=\/wp\/v2\/posts\/2575\/revisions\/2577"}],"wp:featuredmedia":[{"embeddable":true,"href":"http:\/\/www.portalmantena.com.br\/novo\/index.php?rest_route=\/wp\/v2\/media\/2576"}],"wp:attachment":[{"href":"http:\/\/www.portalmantena.com.br\/novo\/index.php?rest_route=%2Fwp%2Fv2%2Fmedia&parent=2575"}],"wp:term":[{"taxonomy":"category","embeddable":true,"href":"http:\/\/www.portalmantena.com.br\/novo\/index.php?rest_route=%2Fwp%2Fv2%2Fcategories&post=2575"},{"taxonomy":"post_tag","embeddable":true,"href":"http:\/\/www.portalmantena.com.br\/novo\/index.php?rest_route=%2Fwp%2Fv2%2Ftags&post=2575"}],"curies":[{"name":"wp","href":"https:\/\/api.w.org\/{rel}","templated":true}]}}