{"id":25732,"date":"2018-03-23T20:22:43","date_gmt":"2018-03-23T23:22:43","guid":{"rendered":"http:\/\/www.portalmantena.com.br\/novo\/?p=25732"},"modified":"2018-03-21T15:10:56","modified_gmt":"2018-03-21T18:10:56","slug":"estacao-espacial-chinesa-vai-cair-na-terra-nos-proximos-dias","status":"publish","type":"post","link":"http:\/\/www.portalmantena.com.br\/novo\/?p=25732","title":{"rendered":"Esta\u00e7\u00e3o Espacial Chinesa vai cair na Terra nos pr\u00f3ximos dias"},"content":{"rendered":"<p><a href=\"http:\/\/www.portalmantena.com.br\/novo\/wp-content\/uploads\/2018\/03\/no200318satelite.jpg\"><img loading=\"lazy\" class=\"alignnone size-full wp-image-25734\" src=\"http:\/\/www.portalmantena.com.br\/novo\/wp-content\/uploads\/2018\/03\/no200318satelite.jpg\" alt=\"\" width=\"700\" height=\"450\" srcset=\"http:\/\/www.portalmantena.com.br\/novo\/wp-content\/uploads\/2018\/03\/no200318satelite.jpg 700w, http:\/\/www.portalmantena.com.br\/novo\/wp-content\/uploads\/2018\/03\/no200318satelite-300x193.jpg 300w, http:\/\/www.portalmantena.com.br\/novo\/wp-content\/uploads\/2018\/03\/no200318satelite-696x447.jpg 696w, http:\/\/www.portalmantena.com.br\/novo\/wp-content\/uploads\/2018\/03\/no200318satelite-653x420.jpg 653w\" sizes=\"(max-width: 700px) 100vw, 700px\" \/><\/a><\/p>\n<p><span style=\"font-size: 14pt;\">Uma esta\u00e7\u00e3o espacial chinesa de 12 metros de comprimento, 3 metros de largura e aproximadamente 8,5 toneladas est\u00e1 fora de controle e dever\u00e1 cair na Terra, em local incerto, entre os dias 27 de mar\u00e7o e 8 de abril, de acordo com previs\u00e3o feita pela Ag\u00eancia Espacial Europeia (ESA, na sigla em ingl\u00eas). <\/span><\/p>\n<p><span style=\"font-size: 14pt;\">Inoperante, o m\u00f3dulo est\u00e1 a 240 quil\u00f4metros de altitude e dever\u00e1 entrar na atmosfera em chamas, espalhando detritos por uma \u00e1rea de mais de mil quil\u00f4metros, segundo a ESA. <\/span><\/p>\n<p><span style=\"font-size: 14pt;\">A \u00faltima miss\u00e3o tripulada a utilizar as instala\u00e7\u00f5es da esta\u00e7\u00e3o ocorreu em junho de 2013. Segundo a ESA, a \u00f3rbita da esta\u00e7\u00e3o varia entre os paralelos 43 norte e 43 sul &#8211; o que significa que ela pode cair em praticamente qualquer lugar da Am\u00e9rica do Sul, \u00c1frica, Oceania, ou em amplas \u00e1reas da \u00c1sia e da Am\u00e9rica do Norte, no sul da Europa ou nos oceanos. O mais prov\u00e1vel, dizem especialistas, \u00e9 que o m\u00f3dulo caia no mar. <\/span><\/p>\n<p><span style=\"font-size: 14pt;\">A Esta\u00e7\u00e3o Chinesa Tiangong-1 foi lan\u00e7ada em 2011 para aperfei\u00e7oar tecnologias de acoplamento de naves. Depois de v\u00e1rias miss\u00f5es, o m\u00f3dulo chin\u00eas deveria ter sido derrubado de forma segura em 2013, mas continuou em opera\u00e7\u00e3o at\u00e9 2016. J\u00e1 naquele ano, o governo da China admitiu ter perdido o controle e informou n\u00e3o ter mais como conter a reentrada do m\u00f3dulo na atmosfera, de acordo com a Ag\u00eancia Espacial Brasileira (AEB). <\/span><\/p>\n<p><span style=\"font-size: 14pt;\">De acordo com a AEB, \u00e9 improv\u00e1vel que os detritos da Tiangong-1 atinjam qualquer pessoa ou danifiquem propriedades. <\/span><\/p>\n<p><span style=\"font-size: 14pt;\">A AEB recomenda que ningu\u00e9m se aproxime ou toque qualquer objeto espacial que tenha ca\u00eddo em sua proximidade, j\u00e1 que materiais t\u00f3xicos como a hidrazina podem sobreviver \u00e0 reentrada na atmosfera.<\/span><\/p>\n<p><a href=\"http:\/\/www.portalmantena.com.br\/novo\/wp-content\/uploads\/2018\/03\/no200318estacao.jpg\"><img loading=\"lazy\" class=\"alignnone size-full wp-image-25733\" src=\"http:\/\/www.portalmantena.com.br\/novo\/wp-content\/uploads\/2018\/03\/no200318estacao.jpg\" alt=\"\" width=\"700\" height=\"450\" srcset=\"http:\/\/www.portalmantena.com.br\/novo\/wp-content\/uploads\/2018\/03\/no200318estacao.jpg 700w, http:\/\/www.portalmantena.com.br\/novo\/wp-content\/uploads\/2018\/03\/no200318estacao-300x193.jpg 300w, http:\/\/www.portalmantena.com.br\/novo\/wp-content\/uploads\/2018\/03\/no200318estacao-696x447.jpg 696w, http:\/\/www.portalmantena.com.br\/novo\/wp-content\/uploads\/2018\/03\/no200318estacao-653x420.jpg 653w\" sizes=\"(max-width: 700px) 100vw, 700px\" \/><\/a><\/p>\n","protected":false},"excerpt":{"rendered":"<p>Uma esta\u00e7\u00e3o espacial chinesa de 12 metros de comprimento, 3 metros de largura e aproximadamente 8,5 toneladas est\u00e1 fora de controle e dever\u00e1 cair na Terra, em local incerto, entre os dias 27 de mar\u00e7o e 8 de abril, de acordo com previs\u00e3o feita pela Ag\u00eancia Espacial Europeia (ESA, na sigla em ingl\u00eas). Inoperante, o [&hellip;]<\/p>\n","protected":false},"author":1,"featured_media":25734,"comment_status":"open","ping_status":"open","sticky":false,"template":"","format":"standard","meta":[],"categories":[51],"tags":[],"_links":{"self":[{"href":"http:\/\/www.portalmantena.com.br\/novo\/index.php?rest_route=\/wp\/v2\/posts\/25732"}],"collection":[{"href":"http:\/\/www.portalmantena.com.br\/novo\/index.php?rest_route=\/wp\/v2\/posts"}],"about":[{"href":"http:\/\/www.portalmantena.com.br\/novo\/index.php?rest_route=\/wp\/v2\/types\/post"}],"author":[{"embeddable":true,"href":"http:\/\/www.portalmantena.com.br\/novo\/index.php?rest_route=\/wp\/v2\/users\/1"}],"replies":[{"embeddable":true,"href":"http:\/\/www.portalmantena.com.br\/novo\/index.php?rest_route=%2Fwp%2Fv2%2Fcomments&post=25732"}],"version-history":[{"count":1,"href":"http:\/\/www.portalmantena.com.br\/novo\/index.php?rest_route=\/wp\/v2\/posts\/25732\/revisions"}],"predecessor-version":[{"id":25735,"href":"http:\/\/www.portalmantena.com.br\/novo\/index.php?rest_route=\/wp\/v2\/posts\/25732\/revisions\/25735"}],"wp:featuredmedia":[{"embeddable":true,"href":"http:\/\/www.portalmantena.com.br\/novo\/index.php?rest_route=\/wp\/v2\/media\/25734"}],"wp:attachment":[{"href":"http:\/\/www.portalmantena.com.br\/novo\/index.php?rest_route=%2Fwp%2Fv2%2Fmedia&parent=25732"}],"wp:term":[{"taxonomy":"category","embeddable":true,"href":"http:\/\/www.portalmantena.com.br\/novo\/index.php?rest_route=%2Fwp%2Fv2%2Fcategories&post=25732"},{"taxonomy":"post_tag","embeddable":true,"href":"http:\/\/www.portalmantena.com.br\/novo\/index.php?rest_route=%2Fwp%2Fv2%2Ftags&post=25732"}],"curies":[{"name":"wp","href":"https:\/\/api.w.org\/{rel}","templated":true}]}}