{"id":25716,"date":"2018-03-20T18:19:09","date_gmt":"2018-03-20T21:19:09","guid":{"rendered":"http:\/\/www.portalmantena.com.br\/novo\/?p=25716"},"modified":"2018-03-20T19:31:02","modified_gmt":"2018-03-20T22:31:02","slug":"suspeitos-da-morte-de-ednaldo-batista-sao-presos","status":"publish","type":"post","link":"http:\/\/www.portalmantena.com.br\/novo\/?p=25716","title":{"rendered":"Suspeitos da morte de Ednaldo Batista s\u00e3o presos"},"content":{"rendered":"<p><a href=\"http:\/\/www.portalmantena.com.br\/novo\/wp-content\/uploads\/2018\/03\/no200318civil12.jpg\"><img loading=\"lazy\" class=\"alignnone size-full wp-image-25725\" src=\"http:\/\/www.portalmantena.com.br\/novo\/wp-content\/uploads\/2018\/03\/no200318civil12.jpg\" alt=\"\" width=\"700\" height=\"450\" srcset=\"http:\/\/www.portalmantena.com.br\/novo\/wp-content\/uploads\/2018\/03\/no200318civil12.jpg 700w, http:\/\/www.portalmantena.com.br\/novo\/wp-content\/uploads\/2018\/03\/no200318civil12-300x193.jpg 300w, http:\/\/www.portalmantena.com.br\/novo\/wp-content\/uploads\/2018\/03\/no200318civil12-696x447.jpg 696w, http:\/\/www.portalmantena.com.br\/novo\/wp-content\/uploads\/2018\/03\/no200318civil12-653x420.jpg 653w\" sizes=\"(max-width: 700px) 100vw, 700px\" \/><\/a><\/p>\n<p><span style=\"font-size: 14pt;\">Na manh\u00e3 desta ter\u00e7a-feira dia 20 de mar\u00e7o, Policiais Civis de Mantena realizaram uma opera\u00e7\u00e3o no bairro dos Oper\u00e1rios, visando cumprir mandados de pris\u00e3o e de busca e apreens\u00e3o expedidos pela Justi\u00e7a. <\/span><\/p>\n<p><span style=\"font-size: 14pt;\">Os mandados tiveram como alvos uma mulher de 26 anos e dois adolescentes de 16 e 17 anos de idade. <\/span><\/p>\n<p><span style=\"font-size: 14pt;\">Eles s\u00e3o suspeitos de envolvimento na morte de EDNALDO BATISTA DA SILVA, de 57 anos, encontrado morto em seu apartamento no \u00faltimo dia 13 de mar\u00e7o. As investiga\u00e7\u00f5es apontaram que a v\u00edtima teria sido morta no domingo, dia 11. (<a href=\"http:\/\/www.portalmantena.com.br\/novo\/?p=25414\">veja mat\u00e9ria publicada<\/a>)<\/span><\/p>\n<p><span style=\"font-size: 14pt;\">Segundo a pol\u00edcia civil, durante as investiga\u00e7\u00f5es foi recuperado um aparelho de telefone celular subtra\u00eddo da v\u00edtima por ocasi\u00e3o de sua morte. H\u00e1 informa\u00e7\u00f5es de que uma quantia em dinheiro tamb\u00e9m possa ter sido levada pelos investigados. <\/span><\/p>\n<p><span style=\"font-size: 14pt;\">A mulher envolvida no crime foi presa temporariamente no Pres\u00eddio Regional de Mantena e se encontra \u00e0 disposi\u00e7\u00e3o da Justi\u00e7a.<\/span><\/p>\n<p><span style=\"font-size: 14pt;\">(com informa\u00e7\u00f5es PC).<\/span><\/p>\n<p><a href=\"http:\/\/www.portalmantena.com.br\/novo\/wp-content\/uploads\/2018\/03\/no140318crime2-1.jpg\"><img loading=\"lazy\" class=\"alignnone size-full wp-image-25717\" src=\"http:\/\/www.portalmantena.com.br\/novo\/wp-content\/uploads\/2018\/03\/no140318crime2-1.jpg\" alt=\"\" width=\"700\" height=\"450\" srcset=\"http:\/\/www.portalmantena.com.br\/novo\/wp-content\/uploads\/2018\/03\/no140318crime2-1.jpg 700w, http:\/\/www.portalmantena.com.br\/novo\/wp-content\/uploads\/2018\/03\/no140318crime2-1-300x193.jpg 300w, http:\/\/www.portalmantena.com.br\/novo\/wp-content\/uploads\/2018\/03\/no140318crime2-1-696x447.jpg 696w, http:\/\/www.portalmantena.com.br\/novo\/wp-content\/uploads\/2018\/03\/no140318crime2-1-653x420.jpg 653w\" sizes=\"(max-width: 700px) 100vw, 700px\" \/><\/a><\/p>\n","protected":false},"excerpt":{"rendered":"<p>Na manh\u00e3 desta ter\u00e7a-feira dia 20 de mar\u00e7o, Policiais Civis de Mantena realizaram uma opera\u00e7\u00e3o no bairro dos Oper\u00e1rios, visando cumprir mandados de pris\u00e3o e de busca e apreens\u00e3o expedidos pela Justi\u00e7a. Os mandados tiveram como alvos uma mulher de 26 anos e dois adolescentes de 16 e 17 anos de idade. Eles s\u00e3o suspeitos [&hellip;]<\/p>\n","protected":false},"author":1,"featured_media":25725,"comment_status":"open","ping_status":"open","sticky":false,"template":"","format":"standard","meta":[],"categories":[11,34],"tags":[],"_links":{"self":[{"href":"http:\/\/www.portalmantena.com.br\/novo\/index.php?rest_route=\/wp\/v2\/posts\/25716"}],"collection":[{"href":"http:\/\/www.portalmantena.com.br\/novo\/index.php?rest_route=\/wp\/v2\/posts"}],"about":[{"href":"http:\/\/www.portalmantena.com.br\/novo\/index.php?rest_route=\/wp\/v2\/types\/post"}],"author":[{"embeddable":true,"href":"http:\/\/www.portalmantena.com.br\/novo\/index.php?rest_route=\/wp\/v2\/users\/1"}],"replies":[{"embeddable":true,"href":"http:\/\/www.portalmantena.com.br\/novo\/index.php?rest_route=%2Fwp%2Fv2%2Fcomments&post=25716"}],"version-history":[{"count":5,"href":"http:\/\/www.portalmantena.com.br\/novo\/index.php?rest_route=\/wp\/v2\/posts\/25716\/revisions"}],"predecessor-version":[{"id":25726,"href":"http:\/\/www.portalmantena.com.br\/novo\/index.php?rest_route=\/wp\/v2\/posts\/25716\/revisions\/25726"}],"wp:featuredmedia":[{"embeddable":true,"href":"http:\/\/www.portalmantena.com.br\/novo\/index.php?rest_route=\/wp\/v2\/media\/25725"}],"wp:attachment":[{"href":"http:\/\/www.portalmantena.com.br\/novo\/index.php?rest_route=%2Fwp%2Fv2%2Fmedia&parent=25716"}],"wp:term":[{"taxonomy":"category","embeddable":true,"href":"http:\/\/www.portalmantena.com.br\/novo\/index.php?rest_route=%2Fwp%2Fv2%2Fcategories&post=25716"},{"taxonomy":"post_tag","embeddable":true,"href":"http:\/\/www.portalmantena.com.br\/novo\/index.php?rest_route=%2Fwp%2Fv2%2Ftags&post=25716"}],"curies":[{"name":"wp","href":"https:\/\/api.w.org\/{rel}","templated":true}]}}