{"id":2569,"date":"2017-03-10T14:15:08","date_gmt":"2017-03-10T14:15:08","guid":{"rendered":"http:\/\/www.portalmantena.com.br\/novo\/?p=2569"},"modified":"2017-03-10T14:15:08","modified_gmt":"2017-03-10T14:15:08","slug":"nilton-fialho-e-eleito-novo-presidente-do-comsep-em-mantena","status":"publish","type":"post","link":"http:\/\/www.portalmantena.com.br\/novo\/?p=2569","title":{"rendered":"Nilton Fialho \u00e9 eleito novo presidente do COMSEP em Mantena"},"content":{"rendered":"<p><a href=\"http:\/\/www.portalmantena.com.br\/novo\/wp-content\/uploads\/2017\/03\/vi100317nilton.jpg\"><img loading=\"lazy\" class=\"alignnone size-full wp-image-2570\" src=\"http:\/\/www.portalmantena.com.br\/novo\/wp-content\/uploads\/2017\/03\/vi100317nilton.jpg\" alt=\"\" width=\"700\" height=\"450\" srcset=\"http:\/\/www.portalmantena.com.br\/novo\/wp-content\/uploads\/2017\/03\/vi100317nilton.jpg 700w, http:\/\/www.portalmantena.com.br\/novo\/wp-content\/uploads\/2017\/03\/vi100317nilton-300x193.jpg 300w, http:\/\/www.portalmantena.com.br\/novo\/wp-content\/uploads\/2017\/03\/vi100317nilton-696x447.jpg 696w, http:\/\/www.portalmantena.com.br\/novo\/wp-content\/uploads\/2017\/03\/vi100317nilton-653x420.jpg 653w\" sizes=\"(max-width: 700px) 100vw, 700px\" \/><\/a><\/p>\n<p><span style=\"font-size: 14pt;\">O nosso amigo e empres\u00e1rio mantenense Nilton Fialho foi eleito na noite desta quinta-feira em Mantena, no novo presidente do COMSEP de Mantena, Conselho Municipal de Seguran\u00e7a P\u00fablica. Ao lado do at\u00e9 ent\u00e3o presidente Vando, que tamb\u00e9m faz parte da nova diretoria, os desafios s\u00e3o grandes, mas a vontade de reativar o Conselho tamb\u00e9m \u00e9, e assim mais pessoas estar\u00e3o se envolvendo em prol do bem da comunidade.\u00a0<\/span><\/p>\n","protected":false},"excerpt":{"rendered":"<p>O nosso amigo e empres\u00e1rio mantenense Nilton Fialho foi eleito na noite desta quinta-feira em Mantena, no novo presidente do COMSEP de Mantena, Conselho Municipal de Seguran\u00e7a P\u00fablica. Ao lado do at\u00e9 ent\u00e3o presidente Vando, que tamb\u00e9m faz parte da nova diretoria, os desafios s\u00e3o grandes, mas a vontade de reativar o Conselho tamb\u00e9m \u00e9, [&hellip;]<\/p>\n","protected":false},"author":1,"featured_media":2570,"comment_status":"open","ping_status":"open","sticky":false,"template":"","format":"standard","meta":[],"categories":[7],"tags":[],"_links":{"self":[{"href":"http:\/\/www.portalmantena.com.br\/novo\/index.php?rest_route=\/wp\/v2\/posts\/2569"}],"collection":[{"href":"http:\/\/www.portalmantena.com.br\/novo\/index.php?rest_route=\/wp\/v2\/posts"}],"about":[{"href":"http:\/\/www.portalmantena.com.br\/novo\/index.php?rest_route=\/wp\/v2\/types\/post"}],"author":[{"embeddable":true,"href":"http:\/\/www.portalmantena.com.br\/novo\/index.php?rest_route=\/wp\/v2\/users\/1"}],"replies":[{"embeddable":true,"href":"http:\/\/www.portalmantena.com.br\/novo\/index.php?rest_route=%2Fwp%2Fv2%2Fcomments&post=2569"}],"version-history":[{"count":1,"href":"http:\/\/www.portalmantena.com.br\/novo\/index.php?rest_route=\/wp\/v2\/posts\/2569\/revisions"}],"predecessor-version":[{"id":2571,"href":"http:\/\/www.portalmantena.com.br\/novo\/index.php?rest_route=\/wp\/v2\/posts\/2569\/revisions\/2571"}],"wp:featuredmedia":[{"embeddable":true,"href":"http:\/\/www.portalmantena.com.br\/novo\/index.php?rest_route=\/wp\/v2\/media\/2570"}],"wp:attachment":[{"href":"http:\/\/www.portalmantena.com.br\/novo\/index.php?rest_route=%2Fwp%2Fv2%2Fmedia&parent=2569"}],"wp:term":[{"taxonomy":"category","embeddable":true,"href":"http:\/\/www.portalmantena.com.br\/novo\/index.php?rest_route=%2Fwp%2Fv2%2Fcategories&post=2569"},{"taxonomy":"post_tag","embeddable":true,"href":"http:\/\/www.portalmantena.com.br\/novo\/index.php?rest_route=%2Fwp%2Fv2%2Ftags&post=2569"}],"curies":[{"name":"wp","href":"https:\/\/api.w.org\/{rel}","templated":true}]}}