{"id":25670,"date":"2018-03-20T18:27:18","date_gmt":"2018-03-20T21:27:18","guid":{"rendered":"http:\/\/www.portalmantena.com.br\/novo\/?p=25670"},"modified":"2018-03-20T10:32:45","modified_gmt":"2018-03-20T13:32:45","slug":"pm-recupera-3-veiculos-e-apreende-arma-drogas-e-municoes","status":"publish","type":"post","link":"http:\/\/www.portalmantena.com.br\/novo\/?p=25670","title":{"rendered":"PM recupera 3 ve\u00edculos e apreende arma, drogas e muni\u00e7\u00f5es"},"content":{"rendered":"<p><a href=\"http:\/\/www.portalmantena.com.br\/novo\/wp-content\/uploads\/2018\/03\/no200318arma.jpg\"><img loading=\"lazy\" class=\"alignnone size-full wp-image-25671\" src=\"http:\/\/www.portalmantena.com.br\/novo\/wp-content\/uploads\/2018\/03\/no200318arma.jpg\" alt=\"\" width=\"700\" height=\"450\" srcset=\"http:\/\/www.portalmantena.com.br\/novo\/wp-content\/uploads\/2018\/03\/no200318arma.jpg 700w, http:\/\/www.portalmantena.com.br\/novo\/wp-content\/uploads\/2018\/03\/no200318arma-300x193.jpg 300w, http:\/\/www.portalmantena.com.br\/novo\/wp-content\/uploads\/2018\/03\/no200318arma-696x447.jpg 696w, http:\/\/www.portalmantena.com.br\/novo\/wp-content\/uploads\/2018\/03\/no200318arma-653x420.jpg 653w\" sizes=\"(max-width: 700px) 100vw, 700px\" \/><\/a><\/p>\n<p><span style=\"font-size: 14pt;\">Durante o \u00faltimo final de semana, policiais militares do 13\u00ba Batalh\u00e3o apreenderam uma arma de fabrica\u00e7\u00e3o caseira, muni\u00e7\u00f5es e drogas. As a\u00e7\u00f5es resultaram na deten\u00e7\u00e3o de seis pessoas e na recupera\u00e7\u00e3o de tr\u00eas ve\u00edculos roubados nos munic\u00edpios de Concei\u00e7\u00e3o da Barra e S\u00e3o Mateus. <\/span><\/p>\n<p><span style=\"font-size: 14pt;\">Na madrugada de segunda-feira (19), ap\u00f3s receber a informa\u00e7\u00e3o de que um indiv\u00edduo havia invadido a \u00e1rea particular de uma empresa no bairro Morada do Ribeir\u00e3o, em S\u00e3o Mateus, policiais encontraram P.G.C., que fora imobilizado pelos seguran\u00e7as da empresa. <\/span><\/p>\n<p><span style=\"font-size: 14pt;\">Com ele foi encontrada uma lanterna, onze muni\u00e7\u00f5es de cartucho 28, al\u00e9m de uma peruca, uma chave turquesa, duas placas de a\u00e7o por baixo da camisa e uma arma de fabrica\u00e7\u00e3o caseira calibre 28. Os vigilantes solicitaram ao invasor que ficasse parado, momento em que ele efetuou dois disparos e correu em dire\u00e7\u00e3o ao alambrado que cerca a \u00e1rea, realizando mais disparos. Um dos vigilantes foi atingido na perna e foi socorrido.\u00a0<\/span><\/p>\n<p><span style=\"font-size: 14pt;\">Na madrugada de domingo (18), ap\u00f3s receber informa\u00e7\u00f5es que dois indiv\u00edduos estariam comercializando entorpecentes pr\u00f3ximos a um bar, a equipe da For\u00e7a T\u00e1tica deslocou at\u00e9 o bairro Ribeir\u00e3o onde abordaram 3 suspeitos e com eles encontraram nove pinos de coca\u00edna, R$ 120,00 em esp\u00e9cie e um aparelho celular.\u00a0<\/span><\/p>\n<p><span style=\"font-size: 14pt;\">Na tarde de s\u00e1bado (17), durante o patrulhamento em Bra\u00e7o do Rio, em Concei\u00e7\u00e3o a Barra, os policiais visualizaram dois indiv\u00edduos em atitude suspeita que empreenderam fuga ao avistar a viatura. Os militares conseguiram det\u00ea-los quando tentavam entrar em uma resid\u00eancia. No local foram encontrados uma balan\u00e7a de precis\u00e3o, \u00e1cido b\u00f3rico, 20 buchas de maconha e material para embalar drogas.\u00a0 <\/span><\/p>\n<p><span style=\"font-size: 14pt;\">A Pol\u00edcia Militar recuperou tr\u00eas ve\u00edculos no \u00faltimo final de semana: um HB20 de cor vermelha, na estrada de Barra Nova; uma motocicleta Yamaha XTZ, durante abordagem no centro de S\u00e3o Mateus, sendo detido o condutor J.J.S. pois placa n\u00e3o condizia com o ve\u00edculo; um GM \u00d4nix, de cor branca, na Estrada do Nativo, Pedra D`\u00c1gua, S\u00e3o Mateus. Todos os detidos nas ocorr\u00eancias e os materiais apreendidos foram encaminhados ao departamento policial da regi\u00e3o. (fonte\/foto:PM).<\/span><\/p>\n","protected":false},"excerpt":{"rendered":"<p>Durante o \u00faltimo final de semana, policiais militares do 13\u00ba Batalh\u00e3o apreenderam uma arma de fabrica\u00e7\u00e3o caseira, muni\u00e7\u00f5es e drogas. As a\u00e7\u00f5es resultaram na deten\u00e7\u00e3o de seis pessoas e na recupera\u00e7\u00e3o de tr\u00eas ve\u00edculos roubados nos munic\u00edpios de Concei\u00e7\u00e3o da Barra e S\u00e3o Mateus. Na madrugada de segunda-feira (19), ap\u00f3s receber a informa\u00e7\u00e3o de que [&hellip;]<\/p>\n","protected":false},"author":1,"featured_media":25671,"comment_status":"open","ping_status":"open","sticky":false,"template":"","format":"standard","meta":[],"categories":[11,34],"tags":[],"_links":{"self":[{"href":"http:\/\/www.portalmantena.com.br\/novo\/index.php?rest_route=\/wp\/v2\/posts\/25670"}],"collection":[{"href":"http:\/\/www.portalmantena.com.br\/novo\/index.php?rest_route=\/wp\/v2\/posts"}],"about":[{"href":"http:\/\/www.portalmantena.com.br\/novo\/index.php?rest_route=\/wp\/v2\/types\/post"}],"author":[{"embeddable":true,"href":"http:\/\/www.portalmantena.com.br\/novo\/index.php?rest_route=\/wp\/v2\/users\/1"}],"replies":[{"embeddable":true,"href":"http:\/\/www.portalmantena.com.br\/novo\/index.php?rest_route=%2Fwp%2Fv2%2Fcomments&post=25670"}],"version-history":[{"count":1,"href":"http:\/\/www.portalmantena.com.br\/novo\/index.php?rest_route=\/wp\/v2\/posts\/25670\/revisions"}],"predecessor-version":[{"id":25672,"href":"http:\/\/www.portalmantena.com.br\/novo\/index.php?rest_route=\/wp\/v2\/posts\/25670\/revisions\/25672"}],"wp:featuredmedia":[{"embeddable":true,"href":"http:\/\/www.portalmantena.com.br\/novo\/index.php?rest_route=\/wp\/v2\/media\/25671"}],"wp:attachment":[{"href":"http:\/\/www.portalmantena.com.br\/novo\/index.php?rest_route=%2Fwp%2Fv2%2Fmedia&parent=25670"}],"wp:term":[{"taxonomy":"category","embeddable":true,"href":"http:\/\/www.portalmantena.com.br\/novo\/index.php?rest_route=%2Fwp%2Fv2%2Fcategories&post=25670"},{"taxonomy":"post_tag","embeddable":true,"href":"http:\/\/www.portalmantena.com.br\/novo\/index.php?rest_route=%2Fwp%2Fv2%2Ftags&post=25670"}],"curies":[{"name":"wp","href":"https:\/\/api.w.org\/{rel}","templated":true}]}}