{"id":2560,"date":"2017-03-10T13:54:56","date_gmt":"2017-03-10T13:54:56","guid":{"rendered":"http:\/\/www.portalmantena.com.br\/novo\/?p=2560"},"modified":"2017-03-10T13:54:56","modified_gmt":"2017-03-10T13:54:56","slug":"em-assembleia-historica-consep-de-mantena-tem-nova-diretoria-eleita-por-aclamacao","status":"publish","type":"post","link":"http:\/\/www.portalmantena.com.br\/novo\/?p=2560","title":{"rendered":"Em Assembleia hist\u00f3rica, CONSEP de Mantena tem nova diretoria eleita por aclama\u00e7\u00e3o"},"content":{"rendered":"<p><a href=\"http:\/\/www.portalmantena.com.br\/novo\/wp-content\/uploads\/2017\/03\/no100317consep1.jpg\"><img loading=\"lazy\" class=\"alignnone size-full wp-image-2561\" src=\"http:\/\/www.portalmantena.com.br\/novo\/wp-content\/uploads\/2017\/03\/no100317consep1.jpg\" alt=\"\" width=\"700\" height=\"450\" srcset=\"http:\/\/www.portalmantena.com.br\/novo\/wp-content\/uploads\/2017\/03\/no100317consep1.jpg 700w, http:\/\/www.portalmantena.com.br\/novo\/wp-content\/uploads\/2017\/03\/no100317consep1-300x193.jpg 300w, http:\/\/www.portalmantena.com.br\/novo\/wp-content\/uploads\/2017\/03\/no100317consep1-696x447.jpg 696w, http:\/\/www.portalmantena.com.br\/novo\/wp-content\/uploads\/2017\/03\/no100317consep1-653x420.jpg 653w\" sizes=\"(max-width: 700px) 100vw, 700px\" \/><\/a><\/p>\n<p style=\"margin: 0cm 0cm 7.5pt 0cm;\"><span style=\"font-size: 14.0pt; font-family: 'Helvetica','sans-serif'; color: #1d2129; background: white;\">O empres\u00e1rio Nilton Fialho \u00e9 eleito novo presidente do CONSEP &#8211; <\/span><span style=\"font-size: 14.0pt; font-family: 'Verdana','sans-serif'; color: #222222;\">Conselho Municipal de Seguran\u00e7a P\u00fablica, de Mantena. A elei\u00e7\u00e3o aconteceu por aclama\u00e7\u00e3o na noite desta quinta-feira dia 09 de mar\u00e7o na sede da C\u00e2mara Municipal onde a comunidade compareceu em bom n\u00famero, apoiando esta nova fase do CONSEP em Mantena, um conselho que precisa ser mais atuante e que com esta nova diretoria pretende realmente fazer valer o papel do Conselho diante da comunidade. <\/span><\/p>\n<p style=\"margin: 0cm 0cm 7.5pt 0cm;\">\n<p><a href=\"http:\/\/www.portalmantena.com.br\/novo\/wp-content\/uploads\/2017\/03\/no100317consep2.jpg\"><img loading=\"lazy\" class=\"alignnone size-full wp-image-2562\" src=\"http:\/\/www.portalmantena.com.br\/novo\/wp-content\/uploads\/2017\/03\/no100317consep2.jpg\" alt=\"\" width=\"700\" height=\"450\" srcset=\"http:\/\/www.portalmantena.com.br\/novo\/wp-content\/uploads\/2017\/03\/no100317consep2.jpg 700w, http:\/\/www.portalmantena.com.br\/novo\/wp-content\/uploads\/2017\/03\/no100317consep2-300x193.jpg 300w, http:\/\/www.portalmantena.com.br\/novo\/wp-content\/uploads\/2017\/03\/no100317consep2-696x447.jpg 696w, http:\/\/www.portalmantena.com.br\/novo\/wp-content\/uploads\/2017\/03\/no100317consep2-653x420.jpg 653w\" sizes=\"(max-width: 700px) 100vw, 700px\" \/><\/a><\/p>\n<p><span style=\"font-size: 14pt;\">O CONSEP que existe em Mantena deste o ano de 2008, era presidido atualmente pelo empres\u00e1rio Vando, que ficou praticamente duas gest\u00f5es \u00e0 frente do conselho. Na elei\u00e7\u00e3o desta quinta-feira, num primeiro momento a situa\u00e7\u00e3o ficou um pouco confusa, com a possibilidade de existir a disputa entre duas chapas, sendo que a segunda chapa seria encabe\u00e7ada pelo conhecido Gelton Ant\u00f4nio. No entanto, ap\u00f3s entendimento e media\u00e7\u00e3o do capit\u00e3o PM Lindomar (que conduziu a assembleia), foi apresentada apenas uma chapa e ent\u00e3o a elei\u00e7\u00e3o aconteceu.<\/span><\/p>\n<p>&nbsp;<\/p>\n<p><a href=\"http:\/\/www.portalmantena.com.br\/novo\/wp-content\/uploads\/2017\/03\/no100317consep3.jpg\"><img loading=\"lazy\" class=\"alignnone size-full wp-image-2563\" src=\"http:\/\/www.portalmantena.com.br\/novo\/wp-content\/uploads\/2017\/03\/no100317consep3.jpg\" alt=\"\" width=\"700\" height=\"450\" srcset=\"http:\/\/www.portalmantena.com.br\/novo\/wp-content\/uploads\/2017\/03\/no100317consep3.jpg 700w, http:\/\/www.portalmantena.com.br\/novo\/wp-content\/uploads\/2017\/03\/no100317consep3-300x193.jpg 300w, http:\/\/www.portalmantena.com.br\/novo\/wp-content\/uploads\/2017\/03\/no100317consep3-696x447.jpg 696w, http:\/\/www.portalmantena.com.br\/novo\/wp-content\/uploads\/2017\/03\/no100317consep3-653x420.jpg 653w\" sizes=\"(max-width: 700px) 100vw, 700px\" \/><\/a><\/p>\n<p><span style=\"font-size: 14pt;\">O tenente Oaks, fez anteriormente uma explana\u00e7\u00e3o sobre a realidade do Consep, e as perdas que o Conselho sofreu na enchente de 2013, onde praticamente toda a documenta\u00e7\u00e3o foi perdida. Desta forma o Consep est\u00e1 praticamente sendo recriado, com novos membros aderindo ao conselho e ainda novas metas a serem desenvolvidas.\u00a0<\/span><\/p>\n<p><a href=\"http:\/\/www.portalmantena.com.br\/novo\/wp-content\/uploads\/2017\/03\/no100317consep4.jpg\"><img loading=\"lazy\" class=\"alignnone size-full wp-image-2564\" src=\"http:\/\/www.portalmantena.com.br\/novo\/wp-content\/uploads\/2017\/03\/no100317consep4.jpg\" alt=\"\" width=\"700\" height=\"450\" srcset=\"http:\/\/www.portalmantena.com.br\/novo\/wp-content\/uploads\/2017\/03\/no100317consep4.jpg 700w, http:\/\/www.portalmantena.com.br\/novo\/wp-content\/uploads\/2017\/03\/no100317consep4-300x193.jpg 300w, http:\/\/www.portalmantena.com.br\/novo\/wp-content\/uploads\/2017\/03\/no100317consep4-696x447.jpg 696w, http:\/\/www.portalmantena.com.br\/novo\/wp-content\/uploads\/2017\/03\/no100317consep4-653x420.jpg 653w\" sizes=\"(max-width: 700px) 100vw, 700px\" \/><\/a><\/p>\n<p><span style=\"font-size: 14pt;\">Cerca de 80 pessoas participaram deste momento, algo hist\u00f3rico para uma assembleia do Consep, sendo que a elei\u00e7\u00e3o por aclama\u00e7\u00e3o teve a participa\u00e7\u00e3o de 59 votantes.<\/span><\/p>\n<p><span style=\"font-size: 14pt;\">As mudan\u00e7as ser\u00e3o sem d\u00favidas apreciadas pela nova diretoria, estatuto ser\u00e1 revisado bem como todos os tr\u00e2mites para que o Consep volte a ser eficiente e presente nas quest\u00f5es que envolve n\u00e3o somente a seguran\u00e7a p\u00fablica mas tamb\u00e9m outras car\u00eancias da popula\u00e7\u00e3o mantenense.\u00a0<\/span><\/p>\n<p><a href=\"http:\/\/www.portalmantena.com.br\/novo\/wp-content\/uploads\/2017\/03\/no100317consep5.jpg\"><img loading=\"lazy\" class=\"alignnone size-full wp-image-2565\" src=\"http:\/\/www.portalmantena.com.br\/novo\/wp-content\/uploads\/2017\/03\/no100317consep5.jpg\" alt=\"\" width=\"700\" height=\"450\" srcset=\"http:\/\/www.portalmantena.com.br\/novo\/wp-content\/uploads\/2017\/03\/no100317consep5.jpg 700w, http:\/\/www.portalmantena.com.br\/novo\/wp-content\/uploads\/2017\/03\/no100317consep5-300x193.jpg 300w, http:\/\/www.portalmantena.com.br\/novo\/wp-content\/uploads\/2017\/03\/no100317consep5-696x447.jpg 696w, http:\/\/www.portalmantena.com.br\/novo\/wp-content\/uploads\/2017\/03\/no100317consep5-653x420.jpg 653w\" sizes=\"(max-width: 700px) 100vw, 700px\" \/><\/a> <a href=\"http:\/\/www.portalmantena.com.br\/novo\/wp-content\/uploads\/2017\/03\/no100317consep6.jpg\"><img loading=\"lazy\" class=\"alignnone size-full wp-image-2566\" src=\"http:\/\/www.portalmantena.com.br\/novo\/wp-content\/uploads\/2017\/03\/no100317consep6.jpg\" alt=\"\" width=\"700\" height=\"450\" srcset=\"http:\/\/www.portalmantena.com.br\/novo\/wp-content\/uploads\/2017\/03\/no100317consep6.jpg 700w, http:\/\/www.portalmantena.com.br\/novo\/wp-content\/uploads\/2017\/03\/no100317consep6-300x193.jpg 300w, http:\/\/www.portalmantena.com.br\/novo\/wp-content\/uploads\/2017\/03\/no100317consep6-696x447.jpg 696w, http:\/\/www.portalmantena.com.br\/novo\/wp-content\/uploads\/2017\/03\/no100317consep6-653x420.jpg 653w\" sizes=\"(max-width: 700px) 100vw, 700px\" \/><\/a><\/p>\n<p><span style=\"font-size: 14pt;\">Ao final ficou ent\u00e3o eleita a nova diretoria formada pelos mantenenses: Presidente: Nilton Fialho, vice: Marcio Vieira, 1\u00aa secret\u00e1ria:Fabiana Hip\u00f3lito, 2\u00ba secret\u00e1rio: Estev\u00e3o, 1\u00ba tesoureiro: Renilton, 2\u00ba tesoureiro: Rog\u00e9rio Oliveira, Conselho Fiscal: Rog\u00e9rio Mol, Vando e Roni (hiper) e suplentes: Adeilton, Alex Sander e Tomaz. Ao final, o presidente eleito agradeceu a presen\u00e7a de todos, e confirmou a vontade de caminhar junto com a pol\u00edcia militar e os parceiros para fazer um Consep atuante, din\u00e2mico e presente junto \u00e0 comunidade mantenense.<\/span><\/p>\n<p><a href=\"http:\/\/www.portalmantena.com.br\/novo\/wp-content\/uploads\/2017\/03\/no100317consep7.jpg\"><img loading=\"lazy\" class=\"alignnone size-full wp-image-2567\" src=\"http:\/\/www.portalmantena.com.br\/novo\/wp-content\/uploads\/2017\/03\/no100317consep7.jpg\" alt=\"\" width=\"700\" height=\"450\" srcset=\"http:\/\/www.portalmantena.com.br\/novo\/wp-content\/uploads\/2017\/03\/no100317consep7.jpg 700w, http:\/\/www.portalmantena.com.br\/novo\/wp-content\/uploads\/2017\/03\/no100317consep7-300x193.jpg 300w, http:\/\/www.portalmantena.com.br\/novo\/wp-content\/uploads\/2017\/03\/no100317consep7-696x447.jpg 696w, http:\/\/www.portalmantena.com.br\/novo\/wp-content\/uploads\/2017\/03\/no100317consep7-653x420.jpg 653w\" sizes=\"(max-width: 700px) 100vw, 700px\" \/><\/a><\/p>\n","protected":false},"excerpt":{"rendered":"<p>O empres\u00e1rio Nilton Fialho \u00e9 eleito novo presidente do CONSEP &#8211; Conselho Municipal de Seguran\u00e7a P\u00fablica, de Mantena. A elei\u00e7\u00e3o aconteceu por aclama\u00e7\u00e3o na noite desta quinta-feira dia 09 de mar\u00e7o na sede da C\u00e2mara Municipal onde a comunidade compareceu em bom n\u00famero, apoiando esta nova fase do CONSEP em Mantena, um conselho que precisa [&hellip;]<\/p>\n","protected":false},"author":1,"featured_media":2564,"comment_status":"open","ping_status":"open","sticky":false,"template":"","format":"standard","meta":[],"categories":[36,12,11],"tags":[],"_links":{"self":[{"href":"http:\/\/www.portalmantena.com.br\/novo\/index.php?rest_route=\/wp\/v2\/posts\/2560"}],"collection":[{"href":"http:\/\/www.portalmantena.com.br\/novo\/index.php?rest_route=\/wp\/v2\/posts"}],"about":[{"href":"http:\/\/www.portalmantena.com.br\/novo\/index.php?rest_route=\/wp\/v2\/types\/post"}],"author":[{"embeddable":true,"href":"http:\/\/www.portalmantena.com.br\/novo\/index.php?rest_route=\/wp\/v2\/users\/1"}],"replies":[{"embeddable":true,"href":"http:\/\/www.portalmantena.com.br\/novo\/index.php?rest_route=%2Fwp%2Fv2%2Fcomments&post=2560"}],"version-history":[{"count":1,"href":"http:\/\/www.portalmantena.com.br\/novo\/index.php?rest_route=\/wp\/v2\/posts\/2560\/revisions"}],"predecessor-version":[{"id":2568,"href":"http:\/\/www.portalmantena.com.br\/novo\/index.php?rest_route=\/wp\/v2\/posts\/2560\/revisions\/2568"}],"wp:featuredmedia":[{"embeddable":true,"href":"http:\/\/www.portalmantena.com.br\/novo\/index.php?rest_route=\/wp\/v2\/media\/2564"}],"wp:attachment":[{"href":"http:\/\/www.portalmantena.com.br\/novo\/index.php?rest_route=%2Fwp%2Fv2%2Fmedia&parent=2560"}],"wp:term":[{"taxonomy":"category","embeddable":true,"href":"http:\/\/www.portalmantena.com.br\/novo\/index.php?rest_route=%2Fwp%2Fv2%2Fcategories&post=2560"},{"taxonomy":"post_tag","embeddable":true,"href":"http:\/\/www.portalmantena.com.br\/novo\/index.php?rest_route=%2Fwp%2Fv2%2Ftags&post=2560"}],"curies":[{"name":"wp","href":"https:\/\/api.w.org\/{rel}","templated":true}]}}