{"id":2543,"date":"2017-03-10T11:24:23","date_gmt":"2017-03-10T11:24:23","guid":{"rendered":"http:\/\/www.portalmantena.com.br\/novo\/?p=2543"},"modified":"2017-03-10T11:24:23","modified_gmt":"2017-03-10T11:24:23","slug":"suspeito-de-matar-homem-a-pauladas-em-sao-mateus-e-preso-pela-policia","status":"publish","type":"post","link":"http:\/\/www.portalmantena.com.br\/novo\/?p=2543","title":{"rendered":"Suspeito de matar homem a pauladas em S\u00e3o Mateus \u00e9 preso pela pol\u00edcia"},"content":{"rendered":"<p><span style=\"font-size: 14pt;\">Policiais da Delegacia de Crimes Contra \u00e0 Vida (DCCV) de S\u00e3o Mateus prenderam nesta segunda-feira (06) Aldemir Oliveira dos Santos , de 33 anos, suspeito de matar um homem a pauladas na pra\u00e7a da rodovi\u00e1ria da cidade. O crime aconteceu neste domingo (05), por volta das 19hs.\u00a0 <\/span><\/p>\n<p><span style=\"font-size: 14pt;\">Ap\u00f3s o crime, equipes da delegacia especializada foram at\u00e9 local e realizaram dilig\u00eancias, identificando Aldemir por meio de testemunhas e c\u00e2meras de v\u00eddeomonitoramento. \u00a0<\/span><\/p>\n<p><span style=\"font-size: 14pt;\">Na manh\u00e3 desta segunda-feira (06), os policiais receberam informa\u00e7\u00f5es de que o suspeito estaria na rodovi\u00e1ria com o objetivo de fugir para o munic\u00edpio de Linhares. A equipe \u00a0foi at\u00e9 o local e, ap\u00f3s persegui\u00e7\u00e3o, encontraram Aldemir no interior do mercado municipal. <\/span><\/p>\n<p><span style=\"font-size: 14pt;\">O criminoso portava uma faca, roupas com marcas de sangue dentro da mochila e um bilhete de passagem pra Linhares.\u00a0 Tr\u00eas testemunhas reconheceram o suspeito de ter desferido as pauladas na v\u00edtima. Aldemir Oliveira dos Santos foi preso em flagrante pelo crime de homic\u00eddio qualificado e encaminhado ao pres\u00eddio. \u00a0 \u00a0<\/span><\/p>\n","protected":false},"excerpt":{"rendered":"<p>Policiais da Delegacia de Crimes Contra \u00e0 Vida (DCCV) de S\u00e3o Mateus prenderam nesta segunda-feira (06) Aldemir Oliveira dos Santos , de 33 anos, suspeito de matar um homem a pauladas na pra\u00e7a da rodovi\u00e1ria da cidade. O crime aconteceu neste domingo (05), por volta das 19hs.\u00a0 Ap\u00f3s o crime, equipes da delegacia especializada foram [&hellip;]<\/p>\n","protected":false},"author":1,"featured_media":0,"comment_status":"open","ping_status":"open","sticky":false,"template":"","format":"standard","meta":[],"categories":[24],"tags":[],"_links":{"self":[{"href":"http:\/\/www.portalmantena.com.br\/novo\/index.php?rest_route=\/wp\/v2\/posts\/2543"}],"collection":[{"href":"http:\/\/www.portalmantena.com.br\/novo\/index.php?rest_route=\/wp\/v2\/posts"}],"about":[{"href":"http:\/\/www.portalmantena.com.br\/novo\/index.php?rest_route=\/wp\/v2\/types\/post"}],"author":[{"embeddable":true,"href":"http:\/\/www.portalmantena.com.br\/novo\/index.php?rest_route=\/wp\/v2\/users\/1"}],"replies":[{"embeddable":true,"href":"http:\/\/www.portalmantena.com.br\/novo\/index.php?rest_route=%2Fwp%2Fv2%2Fcomments&post=2543"}],"version-history":[{"count":2,"href":"http:\/\/www.portalmantena.com.br\/novo\/index.php?rest_route=\/wp\/v2\/posts\/2543\/revisions"}],"predecessor-version":[{"id":2545,"href":"http:\/\/www.portalmantena.com.br\/novo\/index.php?rest_route=\/wp\/v2\/posts\/2543\/revisions\/2545"}],"wp:attachment":[{"href":"http:\/\/www.portalmantena.com.br\/novo\/index.php?rest_route=%2Fwp%2Fv2%2Fmedia&parent=2543"}],"wp:term":[{"taxonomy":"category","embeddable":true,"href":"http:\/\/www.portalmantena.com.br\/novo\/index.php?rest_route=%2Fwp%2Fv2%2Fcategories&post=2543"},{"taxonomy":"post_tag","embeddable":true,"href":"http:\/\/www.portalmantena.com.br\/novo\/index.php?rest_route=%2Fwp%2Fv2%2Ftags&post=2543"}],"curies":[{"name":"wp","href":"https:\/\/api.w.org\/{rel}","templated":true}]}}