{"id":25414,"date":"2018-03-14T11:15:58","date_gmt":"2018-03-14T14:15:58","guid":{"rendered":"http:\/\/www.portalmantena.com.br\/novo\/?p=25414"},"modified":"2018-03-14T11:17:05","modified_gmt":"2018-03-14T14:17:05","slug":"homicidio-edinaldo-batista-e-morto-dentro-de-sua-casa","status":"publish","type":"post","link":"http:\/\/www.portalmantena.com.br\/novo\/?p=25414","title":{"rendered":"Homic\u00eddio, Edinaldo Batista \u00e9 morto dentro de sua casa"},"content":{"rendered":"<p><a href=\"http:\/\/www.portalmantena.com.br\/novo\/wp-content\/uploads\/2018\/03\/no140318crime4.jpg\"><img loading=\"lazy\" class=\"alignnone size-full wp-image-25418\" src=\"http:\/\/www.portalmantena.com.br\/novo\/wp-content\/uploads\/2018\/03\/no140318crime4.jpg\" alt=\"\" width=\"700\" height=\"450\" srcset=\"http:\/\/www.portalmantena.com.br\/novo\/wp-content\/uploads\/2018\/03\/no140318crime4.jpg 700w, http:\/\/www.portalmantena.com.br\/novo\/wp-content\/uploads\/2018\/03\/no140318crime4-300x193.jpg 300w, http:\/\/www.portalmantena.com.br\/novo\/wp-content\/uploads\/2018\/03\/no140318crime4-696x447.jpg 696w, http:\/\/www.portalmantena.com.br\/novo\/wp-content\/uploads\/2018\/03\/no140318crime4-653x420.jpg 653w\" sizes=\"(max-width: 700px) 100vw, 700px\" \/><\/a><\/p>\n<p><span style=\"font-size: 14pt;\">Lamentavelmente mais um assassinato \u00e9 registrado em Mantena este ano, j\u00e1 s\u00e3o tr\u00eas mortes desde o in\u00edcio de 2018 no munic\u00edpio. <\/span><\/p>\n<p><span style=\"font-size: 14pt;\">Nesta tarde de ter\u00e7a-feira dia 13 e mar\u00e7o, foi encontrado dentro de um im\u00f3vel na cidade, o corpo do mantenense Edinaldo Batista da Silva, de 57 anos. <\/span><\/p>\n<p><span style=\"font-size: 14pt;\">Segundo informa\u00e7\u00f5es, ele havia sido visto pela \u00faltima vez no domingo dia 11. Como ele n\u00e3o apareceu na farm\u00e1cia que trabalhava em Barra de S\u00e3o Francisco na segunda e nem nesta ter\u00e7a-feira, e n\u00e3o foi mais visto por familiares e amigos, sua filha ficou preocupada e foi at\u00e9 sua resid\u00eancia situada \u00e0 rua Rosevelt Magalh\u00e3es, no centro em Mantena. <\/span><\/p>\n<p><span style=\"font-size: 14pt;\">Ao chegar ao local, por volta das 15 horas, ela teria presenciado uma cena lament\u00e1vel. O corpo de seu pai estava ca\u00eddo ao ch\u00e3o, na varanda do im\u00f3vel, sem camisa e com v\u00e1rios ferimentos. <\/span><\/p>\n<p><span style=\"font-size: 14pt;\">A pol\u00edcia militar foi imediatamente acionada e compareceu no local. Segundo informa\u00e7\u00f5es que ainda necessitam comprova\u00e7\u00e3o da per\u00edcia, os ferimentos (cortes) podem ter sido provocados por uma faca que ainda estava cravada no corpo, j\u00e1 na cabe\u00e7a da v\u00edtima ferimentos tamb\u00e9m foram detectados como se um banco de cimento tivesse sido utilizado como arma. <\/span><\/p>\n<p><span style=\"font-size: 14pt;\">Pelas caracter\u00edsticas do corpo, o homic\u00eddio pode ter acontecido na noite de domingo, certeza que s\u00f3 ser\u00e1 comprovada ap\u00f3s as investiga\u00e7\u00f5es e apura\u00e7\u00f5es que devem passar agora para o \u00e2mbito da pol\u00edcia civil. <\/span><\/p>\n<p><span style=\"font-size: 14pt;\">Com a not\u00edcia deste novo homic\u00eddio em Mantena e pelos requintes de crueldade, colocando como v\u00edtima uma pessoa t\u00e3o conhecida e querida na cidade, rapidamente levou muitos curiosos para a frente da casa onde o corpo foi encontrado, todos buscando informa\u00e7\u00f5es. <\/span><\/p>\n<p><span style=\"font-size: 14pt;\">A pol\u00edcia militar esteve presente no local isolando e preservando a \u00e1rea at\u00e9 a chegada dos peritos do IML de Governador Valadares para o resgate do corpo.<\/span><\/p>\n<p><a href=\"http:\/\/www.portalmantena.com.br\/novo\/wp-content\/uploads\/2018\/03\/no140318crime1.jpg\"><img loading=\"lazy\" class=\"alignnone size-full wp-image-25415\" src=\"http:\/\/www.portalmantena.com.br\/novo\/wp-content\/uploads\/2018\/03\/no140318crime1.jpg\" alt=\"\" width=\"700\" height=\"450\" srcset=\"http:\/\/www.portalmantena.com.br\/novo\/wp-content\/uploads\/2018\/03\/no140318crime1.jpg 700w, http:\/\/www.portalmantena.com.br\/novo\/wp-content\/uploads\/2018\/03\/no140318crime1-300x193.jpg 300w, http:\/\/www.portalmantena.com.br\/novo\/wp-content\/uploads\/2018\/03\/no140318crime1-696x447.jpg 696w, http:\/\/www.portalmantena.com.br\/novo\/wp-content\/uploads\/2018\/03\/no140318crime1-653x420.jpg 653w\" sizes=\"(max-width: 700px) 100vw, 700px\" \/><\/a> <a href=\"http:\/\/www.portalmantena.com.br\/novo\/wp-content\/uploads\/2018\/03\/no140318crime3.jpg\"><img loading=\"lazy\" class=\"alignnone size-full wp-image-25417\" src=\"http:\/\/www.portalmantena.com.br\/novo\/wp-content\/uploads\/2018\/03\/no140318crime3.jpg\" alt=\"\" width=\"700\" height=\"450\" srcset=\"http:\/\/www.portalmantena.com.br\/novo\/wp-content\/uploads\/2018\/03\/no140318crime3.jpg 700w, http:\/\/www.portalmantena.com.br\/novo\/wp-content\/uploads\/2018\/03\/no140318crime3-300x193.jpg 300w, http:\/\/www.portalmantena.com.br\/novo\/wp-content\/uploads\/2018\/03\/no140318crime3-696x447.jpg 696w, http:\/\/www.portalmantena.com.br\/novo\/wp-content\/uploads\/2018\/03\/no140318crime3-653x420.jpg 653w\" sizes=\"(max-width: 700px) 100vw, 700px\" \/><\/a><\/p>\n","protected":false},"excerpt":{"rendered":"<p>Lamentavelmente mais um assassinato \u00e9 registrado em Mantena este ano, j\u00e1 s\u00e3o tr\u00eas mortes desde o in\u00edcio de 2018 no munic\u00edpio. Nesta tarde de ter\u00e7a-feira dia 13 e mar\u00e7o, foi encontrado dentro de um im\u00f3vel na cidade, o corpo do mantenense Edinaldo Batista da Silva, de 57 anos. Segundo informa\u00e7\u00f5es, ele havia sido visto pela [&hellip;]<\/p>\n","protected":false},"author":1,"featured_media":25418,"comment_status":"open","ping_status":"open","sticky":false,"template":"","format":"standard","meta":[],"categories":[11,34],"tags":[],"_links":{"self":[{"href":"http:\/\/www.portalmantena.com.br\/novo\/index.php?rest_route=\/wp\/v2\/posts\/25414"}],"collection":[{"href":"http:\/\/www.portalmantena.com.br\/novo\/index.php?rest_route=\/wp\/v2\/posts"}],"about":[{"href":"http:\/\/www.portalmantena.com.br\/novo\/index.php?rest_route=\/wp\/v2\/types\/post"}],"author":[{"embeddable":true,"href":"http:\/\/www.portalmantena.com.br\/novo\/index.php?rest_route=\/wp\/v2\/users\/1"}],"replies":[{"embeddable":true,"href":"http:\/\/www.portalmantena.com.br\/novo\/index.php?rest_route=%2Fwp%2Fv2%2Fcomments&post=25414"}],"version-history":[{"count":2,"href":"http:\/\/www.portalmantena.com.br\/novo\/index.php?rest_route=\/wp\/v2\/posts\/25414\/revisions"}],"predecessor-version":[{"id":25420,"href":"http:\/\/www.portalmantena.com.br\/novo\/index.php?rest_route=\/wp\/v2\/posts\/25414\/revisions\/25420"}],"wp:featuredmedia":[{"embeddable":true,"href":"http:\/\/www.portalmantena.com.br\/novo\/index.php?rest_route=\/wp\/v2\/media\/25418"}],"wp:attachment":[{"href":"http:\/\/www.portalmantena.com.br\/novo\/index.php?rest_route=%2Fwp%2Fv2%2Fmedia&parent=25414"}],"wp:term":[{"taxonomy":"category","embeddable":true,"href":"http:\/\/www.portalmantena.com.br\/novo\/index.php?rest_route=%2Fwp%2Fv2%2Fcategories&post=25414"},{"taxonomy":"post_tag","embeddable":true,"href":"http:\/\/www.portalmantena.com.br\/novo\/index.php?rest_route=%2Fwp%2Fv2%2Ftags&post=25414"}],"curies":[{"name":"wp","href":"https:\/\/api.w.org\/{rel}","templated":true}]}}