{"id":25397,"date":"2018-03-14T09:38:51","date_gmt":"2018-03-14T12:38:51","guid":{"rendered":"http:\/\/www.portalmantena.com.br\/novo\/?p=25397"},"modified":"2018-03-14T09:44:58","modified_gmt":"2018-03-14T12:44:58","slug":"13mar-evento-marcou-elevacao-da-159-cia-pm-para-18a-cia-ind","status":"publish","type":"post","link":"http:\/\/www.portalmantena.com.br\/novo\/?p=25397","title":{"rendered":"13MAR &#8211; 159 Cia foi elevada a 18\u00aa Cia PM independente"},"content":{"rendered":"<p><strong><a href=\"http:\/\/www.portalmantena.com.br\/novo\/wp-content\/uploads\/2017\/06\/diabaner-1.jpg\"><img loading=\"lazy\" class=\"alignnone size-full wp-image-8000\" src=\"http:\/\/www.portalmantena.com.br\/novo\/wp-content\/uploads\/2017\/06\/diabaner-1.jpg\" alt=\"\" width=\"650\" height=\"100\" srcset=\"http:\/\/www.portalmantena.com.br\/novo\/wp-content\/uploads\/2017\/06\/diabaner-1.jpg 650w, http:\/\/www.portalmantena.com.br\/novo\/wp-content\/uploads\/2017\/06\/diabaner-1-300x46.jpg 300w\" sizes=\"(max-width: 650px) 100vw, 650px\" \/><\/a><a href=\"http:\/\/www.portalmantena.com.br\/novo\/wp-content\/uploads\/2018\/03\/dia140318b.jpg\"><img loading=\"lazy\" class=\"alignnone size-full wp-image-25399\" src=\"http:\/\/www.portalmantena.com.br\/novo\/wp-content\/uploads\/2018\/03\/dia140318b.jpg\" alt=\"\" width=\"700\" height=\"450\" srcset=\"http:\/\/www.portalmantena.com.br\/novo\/wp-content\/uploads\/2018\/03\/dia140318b.jpg 700w, http:\/\/www.portalmantena.com.br\/novo\/wp-content\/uploads\/2018\/03\/dia140318b-300x193.jpg 300w, http:\/\/www.portalmantena.com.br\/novo\/wp-content\/uploads\/2018\/03\/dia140318b-696x447.jpg 696w, http:\/\/www.portalmantena.com.br\/novo\/wp-content\/uploads\/2018\/03\/dia140318b-653x420.jpg 653w\" sizes=\"(max-width: 700px) 100vw, 700px\" \/><\/a><\/strong><\/p>\n<p><strong>13 de Mar\u00e7o<\/strong>\u00a0&#8211;\u00a0Evento na Assoleste marcou a eleva\u00e7\u00e3o da Companhia de pol\u00edcia 159 que existia em Mantena para a 18\u00aa Cia PM Independente. Major Carla \u00e9 a comandante da companhia e recebeu o comando oficialmente neste dia.<\/p>\n","protected":false},"excerpt":{"rendered":"<p>13 de Mar\u00e7o\u00a0&#8211;\u00a0Evento na Assoleste marcou a eleva\u00e7\u00e3o da Companhia de pol\u00edcia 159 que existia em Mantena para a 18\u00aa Cia PM Independente. Major Carla \u00e9 a comandante da companhia e recebeu o comando oficialmente neste dia.<\/p>\n","protected":false},"author":1,"featured_media":25399,"comment_status":"open","ping_status":"open","sticky":false,"template":"","format":"standard","meta":[],"categories":[50],"tags":[],"_links":{"self":[{"href":"http:\/\/www.portalmantena.com.br\/novo\/index.php?rest_route=\/wp\/v2\/posts\/25397"}],"collection":[{"href":"http:\/\/www.portalmantena.com.br\/novo\/index.php?rest_route=\/wp\/v2\/posts"}],"about":[{"href":"http:\/\/www.portalmantena.com.br\/novo\/index.php?rest_route=\/wp\/v2\/types\/post"}],"author":[{"embeddable":true,"href":"http:\/\/www.portalmantena.com.br\/novo\/index.php?rest_route=\/wp\/v2\/users\/1"}],"replies":[{"embeddable":true,"href":"http:\/\/www.portalmantena.com.br\/novo\/index.php?rest_route=%2Fwp%2Fv2%2Fcomments&post=25397"}],"version-history":[{"count":5,"href":"http:\/\/www.portalmantena.com.br\/novo\/index.php?rest_route=\/wp\/v2\/posts\/25397\/revisions"}],"predecessor-version":[{"id":25407,"href":"http:\/\/www.portalmantena.com.br\/novo\/index.php?rest_route=\/wp\/v2\/posts\/25397\/revisions\/25407"}],"wp:featuredmedia":[{"embeddable":true,"href":"http:\/\/www.portalmantena.com.br\/novo\/index.php?rest_route=\/wp\/v2\/media\/25399"}],"wp:attachment":[{"href":"http:\/\/www.portalmantena.com.br\/novo\/index.php?rest_route=%2Fwp%2Fv2%2Fmedia&parent=25397"}],"wp:term":[{"taxonomy":"category","embeddable":true,"href":"http:\/\/www.portalmantena.com.br\/novo\/index.php?rest_route=%2Fwp%2Fv2%2Fcategories&post=25397"},{"taxonomy":"post_tag","embeddable":true,"href":"http:\/\/www.portalmantena.com.br\/novo\/index.php?rest_route=%2Fwp%2Fv2%2Ftags&post=25397"}],"curies":[{"name":"wp","href":"https:\/\/api.w.org\/{rel}","templated":true}]}}