{"id":25380,"date":"2018-03-14T08:42:13","date_gmt":"2018-03-14T11:42:13","guid":{"rendered":"http:\/\/www.portalmantena.com.br\/novo\/?p=25380"},"modified":"2018-03-14T08:42:13","modified_gmt":"2018-03-14T11:42:13","slug":"dois-motociclistas-morrem-ao-bater-de-frente-com-carro-na-regiao","status":"publish","type":"post","link":"http:\/\/www.portalmantena.com.br\/novo\/?p=25380","title":{"rendered":"Dois motociclistas morrem ao bater de frente com carro na regi\u00e3o"},"content":{"rendered":"<p><span style=\"font-size: 14pt;\">Dois homens morreram em um acidente na BR-259, pr\u00f3ximo a Goiabal, distrito de Governador Valadares, nessa ter\u00e7a-feira (12). As v\u00edtimas estavam em uma motocicleta e segundo a Pol\u00edcia Rodovi\u00e1ria Federal, o piloto, de 19 anos, perdeu o controle em uma curva, invadiu a contram\u00e3o e bateu de frente com um carro. <\/span><\/p>\n<p><span style=\"font-size: 14pt;\">Ainda de acordo com a PRF, ele n\u00e3o possu\u00eda carteira de habilita\u00e7\u00e3o e morreu no local. O garupa foi socorrido pelo Samu e morreu ap\u00f3s dar entrada no hospital em Governador Valadares. <\/span><\/p>\n<p><span style=\"font-size: 14pt;\">O motorista do carro n\u00e3o ficou ferido e a pista ficou interditada durante os trabalhos da per\u00edcia. O corpo foi\u00a0encaminhado para o IML. (Fonte:g1\/vales).<\/span><\/p>\n","protected":false},"excerpt":{"rendered":"<p>Dois homens morreram em um acidente na BR-259, pr\u00f3ximo a Goiabal, distrito de Governador Valadares, nessa ter\u00e7a-feira (12). As v\u00edtimas estavam em uma motocicleta e segundo a Pol\u00edcia Rodovi\u00e1ria Federal, o piloto, de 19 anos, perdeu o controle em uma curva, invadiu a contram\u00e3o e bateu de frente com um carro. Ainda de acordo com [&hellip;]<\/p>\n","protected":false},"author":1,"featured_media":0,"comment_status":"open","ping_status":"open","sticky":false,"template":"","format":"standard","meta":[],"categories":[24],"tags":[],"_links":{"self":[{"href":"http:\/\/www.portalmantena.com.br\/novo\/index.php?rest_route=\/wp\/v2\/posts\/25380"}],"collection":[{"href":"http:\/\/www.portalmantena.com.br\/novo\/index.php?rest_route=\/wp\/v2\/posts"}],"about":[{"href":"http:\/\/www.portalmantena.com.br\/novo\/index.php?rest_route=\/wp\/v2\/types\/post"}],"author":[{"embeddable":true,"href":"http:\/\/www.portalmantena.com.br\/novo\/index.php?rest_route=\/wp\/v2\/users\/1"}],"replies":[{"embeddable":true,"href":"http:\/\/www.portalmantena.com.br\/novo\/index.php?rest_route=%2Fwp%2Fv2%2Fcomments&post=25380"}],"version-history":[{"count":1,"href":"http:\/\/www.portalmantena.com.br\/novo\/index.php?rest_route=\/wp\/v2\/posts\/25380\/revisions"}],"predecessor-version":[{"id":25381,"href":"http:\/\/www.portalmantena.com.br\/novo\/index.php?rest_route=\/wp\/v2\/posts\/25380\/revisions\/25381"}],"wp:attachment":[{"href":"http:\/\/www.portalmantena.com.br\/novo\/index.php?rest_route=%2Fwp%2Fv2%2Fmedia&parent=25380"}],"wp:term":[{"taxonomy":"category","embeddable":true,"href":"http:\/\/www.portalmantena.com.br\/novo\/index.php?rest_route=%2Fwp%2Fv2%2Fcategories&post=25380"},{"taxonomy":"post_tag","embeddable":true,"href":"http:\/\/www.portalmantena.com.br\/novo\/index.php?rest_route=%2Fwp%2Fv2%2Ftags&post=25380"}],"curies":[{"name":"wp","href":"https:\/\/api.w.org\/{rel}","templated":true}]}}