{"id":25350,"date":"2018-03-14T04:44:11","date_gmt":"2018-03-14T07:44:11","guid":{"rendered":"http:\/\/www.portalmantena.com.br\/novo\/?p=25350"},"modified":"2018-03-13T14:54:18","modified_gmt":"2018-03-13T17:54:18","slug":"jose-duarte-com-a-familia-curtindo-ferias-na-praia","status":"publish","type":"post","link":"http:\/\/www.portalmantena.com.br\/novo\/?p=25350","title":{"rendered":"Jos\u00e9 Duarte com a fam\u00edlia curtindo f\u00e9rias na praia"},"content":{"rendered":"<p><a href=\"http:\/\/www.portalmantena.com.br\/novo\/wp-content\/uploads\/2018\/03\/vi130318duarte1.jpg\"><img loading=\"lazy\" class=\"alignnone size-full wp-image-25351\" src=\"http:\/\/www.portalmantena.com.br\/novo\/wp-content\/uploads\/2018\/03\/vi130318duarte1.jpg\" alt=\"\" width=\"700\" height=\"450\" srcset=\"http:\/\/www.portalmantena.com.br\/novo\/wp-content\/uploads\/2018\/03\/vi130318duarte1.jpg 700w, http:\/\/www.portalmantena.com.br\/novo\/wp-content\/uploads\/2018\/03\/vi130318duarte1-300x193.jpg 300w, http:\/\/www.portalmantena.com.br\/novo\/wp-content\/uploads\/2018\/03\/vi130318duarte1-696x447.jpg 696w, http:\/\/www.portalmantena.com.br\/novo\/wp-content\/uploads\/2018\/03\/vi130318duarte1-653x420.jpg 653w\" sizes=\"(max-width: 700px) 100vw, 700px\" \/><\/a><\/p>\n<p><span style=\"font-size: 14pt;\">O nosso amigo, o mantenense Jos\u00e9 Duarte, aproveitando as merecidas f\u00e9rias e curtindo a praia com a fam\u00edlia em Guriri. Dias de descanso ao lado de familiares neste restinho do Ver\u00e3o 2018. <\/span><\/p>\n<p><span style=\"font-size: 14pt;\">A netinha \u00e9 uma que aproveita bastante e n\u00e3o deixa o av\u00f4 de lado, est\u00e1 sempre grudada. F\u00e9rias em fam\u00edlia, tudo de bom.<\/span><\/p>\n<p><a href=\"http:\/\/www.portalmantena.com.br\/novo\/wp-content\/uploads\/2018\/03\/vi130318duarte2.jpg\"><img loading=\"lazy\" class=\"alignnone size-full wp-image-25352\" src=\"http:\/\/www.portalmantena.com.br\/novo\/wp-content\/uploads\/2018\/03\/vi130318duarte2.jpg\" alt=\"\" width=\"700\" height=\"450\" srcset=\"http:\/\/www.portalmantena.com.br\/novo\/wp-content\/uploads\/2018\/03\/vi130318duarte2.jpg 700w, http:\/\/www.portalmantena.com.br\/novo\/wp-content\/uploads\/2018\/03\/vi130318duarte2-300x193.jpg 300w, http:\/\/www.portalmantena.com.br\/novo\/wp-content\/uploads\/2018\/03\/vi130318duarte2-696x447.jpg 696w, http:\/\/www.portalmantena.com.br\/novo\/wp-content\/uploads\/2018\/03\/vi130318duarte2-653x420.jpg 653w\" sizes=\"(max-width: 700px) 100vw, 700px\" \/><\/a><\/p>\n","protected":false},"excerpt":{"rendered":"<p>O nosso amigo, o mantenense Jos\u00e9 Duarte, aproveitando as merecidas f\u00e9rias e curtindo a praia com a fam\u00edlia em Guriri. Dias de descanso ao lado de familiares neste restinho do Ver\u00e3o 2018. A netinha \u00e9 uma que aproveita bastante e n\u00e3o deixa o av\u00f4 de lado, est\u00e1 sempre grudada. F\u00e9rias em fam\u00edlia, tudo de bom.<\/p>\n","protected":false},"author":1,"featured_media":25352,"comment_status":"open","ping_status":"open","sticky":false,"template":"","format":"standard","meta":[],"categories":[7],"tags":[],"_links":{"self":[{"href":"http:\/\/www.portalmantena.com.br\/novo\/index.php?rest_route=\/wp\/v2\/posts\/25350"}],"collection":[{"href":"http:\/\/www.portalmantena.com.br\/novo\/index.php?rest_route=\/wp\/v2\/posts"}],"about":[{"href":"http:\/\/www.portalmantena.com.br\/novo\/index.php?rest_route=\/wp\/v2\/types\/post"}],"author":[{"embeddable":true,"href":"http:\/\/www.portalmantena.com.br\/novo\/index.php?rest_route=\/wp\/v2\/users\/1"}],"replies":[{"embeddable":true,"href":"http:\/\/www.portalmantena.com.br\/novo\/index.php?rest_route=%2Fwp%2Fv2%2Fcomments&post=25350"}],"version-history":[{"count":1,"href":"http:\/\/www.portalmantena.com.br\/novo\/index.php?rest_route=\/wp\/v2\/posts\/25350\/revisions"}],"predecessor-version":[{"id":25353,"href":"http:\/\/www.portalmantena.com.br\/novo\/index.php?rest_route=\/wp\/v2\/posts\/25350\/revisions\/25353"}],"wp:featuredmedia":[{"embeddable":true,"href":"http:\/\/www.portalmantena.com.br\/novo\/index.php?rest_route=\/wp\/v2\/media\/25352"}],"wp:attachment":[{"href":"http:\/\/www.portalmantena.com.br\/novo\/index.php?rest_route=%2Fwp%2Fv2%2Fmedia&parent=25350"}],"wp:term":[{"taxonomy":"category","embeddable":true,"href":"http:\/\/www.portalmantena.com.br\/novo\/index.php?rest_route=%2Fwp%2Fv2%2Fcategories&post=25350"},{"taxonomy":"post_tag","embeddable":true,"href":"http:\/\/www.portalmantena.com.br\/novo\/index.php?rest_route=%2Fwp%2Fv2%2Ftags&post=25350"}],"curies":[{"name":"wp","href":"https:\/\/api.w.org\/{rel}","templated":true}]}}