{"id":25340,"date":"2018-03-13T19:18:30","date_gmt":"2018-03-13T22:18:30","guid":{"rendered":"http:\/\/www.portalmantena.com.br\/novo\/?p=25340"},"modified":"2018-03-13T14:43:55","modified_gmt":"2018-03-13T17:43:55","slug":"loja-de-mantena-comemora-dia-da-mulher-com-alunas-da-apae","status":"publish","type":"post","link":"http:\/\/www.portalmantena.com.br\/novo\/?p=25340","title":{"rendered":"Loja de Mantena comemora Dia da Mulher com alunas da APAE"},"content":{"rendered":"<p><a href=\"http:\/\/www.portalmantena.com.br\/novo\/wp-content\/uploads\/2018\/03\/no130318apae1.jpg\"><img loading=\"lazy\" class=\"alignnone size-full wp-image-25344\" src=\"http:\/\/www.portalmantena.com.br\/novo\/wp-content\/uploads\/2018\/03\/no130318apae1.jpg\" alt=\"\" width=\"700\" height=\"450\" srcset=\"http:\/\/www.portalmantena.com.br\/novo\/wp-content\/uploads\/2018\/03\/no130318apae1.jpg 700w, http:\/\/www.portalmantena.com.br\/novo\/wp-content\/uploads\/2018\/03\/no130318apae1-300x193.jpg 300w, http:\/\/www.portalmantena.com.br\/novo\/wp-content\/uploads\/2018\/03\/no130318apae1-696x447.jpg 696w, http:\/\/www.portalmantena.com.br\/novo\/wp-content\/uploads\/2018\/03\/no130318apae1-653x420.jpg 653w\" sizes=\"(max-width: 700px) 100vw, 700px\" \/><\/a><\/p>\n<p><span style=\"font-size: 14pt;\">Em comemora\u00e7\u00e3o ao Dia Internacional da Mulher, no \u00faltimo dia 08 de Mar\u00e7o, a Loja \u201cO Botic\u00e1rio\u201d de Mantena teve a iniciativa e convidou 15 alunas da Escola APAE para participar de um momento de beleza. <\/span><\/p>\n<p><span style=\"font-size: 14pt;\">Para iniciar a comemora\u00e7\u00e3o foi feita uma breve explica\u00e7\u00e3o do significado do Dia da Mulher, e da necessidade de que todas tenham consci\u00eancia de seus direitos e de seu valor. <\/span><\/p>\n<p><span style=\"font-size: 14pt;\">Uma das muitas formas de demonstrar o valor de cada mulher \u00e9 revelar sua beleza e cuidar de sua autoestima. <\/span><\/p>\n<p><span style=\"font-size: 14pt;\">Em seguida, em parceria com os funcion\u00e1rios e utilizando os produtos da linha \u201cO Botic\u00e1rio\u201d, foi realizado um momento de beleza com as alunas da APAE. <\/span><\/p>\n<p><span style=\"font-size: 14pt;\">Elas foram maquiadas e literalmente embelezadas. Para finalizar este evento t\u00e3o especial foi realizado um delicioso coquetel com as participantes e cada uma recebeu presentes da loja. <\/span><\/p>\n<p><span style=\"font-size: 14pt;\">Este momento foi importante para demonstrar que \u00e9 preciso valorizar todas as mulheres, em todas as idades e condi\u00e7\u00f5es, e acima de tudo \u00e9 preciso que cada mulher tenha a oportunidade de se sentir cuidada e amada por sua fam\u00edlia e pela sociedade. (fonte\/foto:APAEMantena).<\/span><\/p>\n<p><a href=\"http:\/\/www.portalmantena.com.br\/novo\/wp-content\/uploads\/2018\/03\/no130318apae2.jpg\"><img loading=\"lazy\" class=\"alignnone size-full wp-image-25345\" src=\"http:\/\/www.portalmantena.com.br\/novo\/wp-content\/uploads\/2018\/03\/no130318apae2.jpg\" alt=\"\" width=\"700\" height=\"450\" srcset=\"http:\/\/www.portalmantena.com.br\/novo\/wp-content\/uploads\/2018\/03\/no130318apae2.jpg 700w, http:\/\/www.portalmantena.com.br\/novo\/wp-content\/uploads\/2018\/03\/no130318apae2-300x193.jpg 300w, http:\/\/www.portalmantena.com.br\/novo\/wp-content\/uploads\/2018\/03\/no130318apae2-696x447.jpg 696w, http:\/\/www.portalmantena.com.br\/novo\/wp-content\/uploads\/2018\/03\/no130318apae2-653x420.jpg 653w\" sizes=\"(max-width: 700px) 100vw, 700px\" \/><\/a> <a href=\"http:\/\/www.portalmantena.com.br\/novo\/wp-content\/uploads\/2018\/03\/no130318apae3.jpg\"><img loading=\"lazy\" class=\"alignnone size-full wp-image-25346\" src=\"http:\/\/www.portalmantena.com.br\/novo\/wp-content\/uploads\/2018\/03\/no130318apae3.jpg\" alt=\"\" width=\"700\" height=\"450\" srcset=\"http:\/\/www.portalmantena.com.br\/novo\/wp-content\/uploads\/2018\/03\/no130318apae3.jpg 700w, http:\/\/www.portalmantena.com.br\/novo\/wp-content\/uploads\/2018\/03\/no130318apae3-300x193.jpg 300w, http:\/\/www.portalmantena.com.br\/novo\/wp-content\/uploads\/2018\/03\/no130318apae3-696x447.jpg 696w, http:\/\/www.portalmantena.com.br\/novo\/wp-content\/uploads\/2018\/03\/no130318apae3-653x420.jpg 653w\" sizes=\"(max-width: 700px) 100vw, 700px\" \/><\/a> <a href=\"http:\/\/www.portalmantena.com.br\/novo\/wp-content\/uploads\/2018\/03\/no130318apae4.jpg\"><img loading=\"lazy\" class=\"alignnone size-full wp-image-25347\" src=\"http:\/\/www.portalmantena.com.br\/novo\/wp-content\/uploads\/2018\/03\/no130318apae4.jpg\" alt=\"\" width=\"700\" height=\"450\" srcset=\"http:\/\/www.portalmantena.com.br\/novo\/wp-content\/uploads\/2018\/03\/no130318apae4.jpg 700w, http:\/\/www.portalmantena.com.br\/novo\/wp-content\/uploads\/2018\/03\/no130318apae4-300x193.jpg 300w, http:\/\/www.portalmantena.com.br\/novo\/wp-content\/uploads\/2018\/03\/no130318apae4-696x447.jpg 696w, http:\/\/www.portalmantena.com.br\/novo\/wp-content\/uploads\/2018\/03\/no130318apae4-653x420.jpg 653w\" sizes=\"(max-width: 700px) 100vw, 700px\" \/><\/a> <a href=\"http:\/\/www.portalmantena.com.br\/novo\/wp-content\/uploads\/2018\/03\/no130318apae5.jpg\"><img loading=\"lazy\" class=\"alignnone size-full wp-image-25348\" src=\"http:\/\/www.portalmantena.com.br\/novo\/wp-content\/uploads\/2018\/03\/no130318apae5.jpg\" alt=\"\" width=\"700\" height=\"450\" srcset=\"http:\/\/www.portalmantena.com.br\/novo\/wp-content\/uploads\/2018\/03\/no130318apae5.jpg 700w, http:\/\/www.portalmantena.com.br\/novo\/wp-content\/uploads\/2018\/03\/no130318apae5-300x193.jpg 300w, http:\/\/www.portalmantena.com.br\/novo\/wp-content\/uploads\/2018\/03\/no130318apae5-696x447.jpg 696w, http:\/\/www.portalmantena.com.br\/novo\/wp-content\/uploads\/2018\/03\/no130318apae5-653x420.jpg 653w\" sizes=\"(max-width: 700px) 100vw, 700px\" \/><\/a><\/p>\n","protected":false},"excerpt":{"rendered":"<p>Em comemora\u00e7\u00e3o ao Dia Internacional da Mulher, no \u00faltimo dia 08 de Mar\u00e7o, a Loja \u201cO Botic\u00e1rio\u201d de Mantena teve a iniciativa e convidou 15 alunas da Escola APAE para participar de um momento de beleza. Para iniciar a comemora\u00e7\u00e3o foi feita uma breve explica\u00e7\u00e3o do significado do Dia da Mulher, e da necessidade de [&hellip;]<\/p>\n","protected":false},"author":1,"featured_media":25348,"comment_status":"open","ping_status":"open","sticky":false,"template":"","format":"standard","meta":[],"categories":[36,12],"tags":[],"_links":{"self":[{"href":"http:\/\/www.portalmantena.com.br\/novo\/index.php?rest_route=\/wp\/v2\/posts\/25340"}],"collection":[{"href":"http:\/\/www.portalmantena.com.br\/novo\/index.php?rest_route=\/wp\/v2\/posts"}],"about":[{"href":"http:\/\/www.portalmantena.com.br\/novo\/index.php?rest_route=\/wp\/v2\/types\/post"}],"author":[{"embeddable":true,"href":"http:\/\/www.portalmantena.com.br\/novo\/index.php?rest_route=\/wp\/v2\/users\/1"}],"replies":[{"embeddable":true,"href":"http:\/\/www.portalmantena.com.br\/novo\/index.php?rest_route=%2Fwp%2Fv2%2Fcomments&post=25340"}],"version-history":[{"count":1,"href":"http:\/\/www.portalmantena.com.br\/novo\/index.php?rest_route=\/wp\/v2\/posts\/25340\/revisions"}],"predecessor-version":[{"id":25349,"href":"http:\/\/www.portalmantena.com.br\/novo\/index.php?rest_route=\/wp\/v2\/posts\/25340\/revisions\/25349"}],"wp:featuredmedia":[{"embeddable":true,"href":"http:\/\/www.portalmantena.com.br\/novo\/index.php?rest_route=\/wp\/v2\/media\/25348"}],"wp:attachment":[{"href":"http:\/\/www.portalmantena.com.br\/novo\/index.php?rest_route=%2Fwp%2Fv2%2Fmedia&parent=25340"}],"wp:term":[{"taxonomy":"category","embeddable":true,"href":"http:\/\/www.portalmantena.com.br\/novo\/index.php?rest_route=%2Fwp%2Fv2%2Fcategories&post=25340"},{"taxonomy":"post_tag","embeddable":true,"href":"http:\/\/www.portalmantena.com.br\/novo\/index.php?rest_route=%2Fwp%2Fv2%2Ftags&post=25340"}],"curies":[{"name":"wp","href":"https:\/\/api.w.org\/{rel}","templated":true}]}}