{"id":25337,"date":"2018-03-14T06:41:32","date_gmt":"2018-03-14T09:41:32","guid":{"rendered":"http:\/\/www.portalmantena.com.br\/novo\/?p=25337"},"modified":"2018-03-13T14:03:09","modified_gmt":"2018-03-13T17:03:09","slug":"domingo-18-comeca-a-temporada-2018-da-moto-gp","status":"publish","type":"post","link":"http:\/\/www.portalmantena.com.br\/novo\/?p=25337","title":{"rendered":"Domingo (18) come\u00e7a a temporada 2018 da Moto GP"},"content":{"rendered":"<p><a href=\"http:\/\/www.portalmantena.com.br\/novo\/wp-content\/uploads\/2018\/03\/no130318moto.jpg\"><img loading=\"lazy\" class=\"alignnone size-full wp-image-25338\" src=\"http:\/\/www.portalmantena.com.br\/novo\/wp-content\/uploads\/2018\/03\/no130318moto.jpg\" alt=\"\" width=\"700\" height=\"450\" srcset=\"http:\/\/www.portalmantena.com.br\/novo\/wp-content\/uploads\/2018\/03\/no130318moto.jpg 700w, http:\/\/www.portalmantena.com.br\/novo\/wp-content\/uploads\/2018\/03\/no130318moto-300x193.jpg 300w, http:\/\/www.portalmantena.com.br\/novo\/wp-content\/uploads\/2018\/03\/no130318moto-696x447.jpg 696w, http:\/\/www.portalmantena.com.br\/novo\/wp-content\/uploads\/2018\/03\/no130318moto-653x420.jpg 653w\" sizes=\"(max-width: 700px) 100vw, 700px\" \/><\/a><\/p>\n<p><span style=\"font-size: 14pt;\">Andrea Dovizioso, da Ducati, diz que est\u00e1 \u201cagradecido\u201d por ser considerado o favorito para a vit\u00f3ria na rodada de abertura da MotoGP, no Catar que acontecer\u00e1 neste domingo dia 18 de Mar\u00e7o. <\/span><\/p>\n<p><span style=\"font-size: 14pt;\">Embora o piloto n\u00e3o tenha ficado no topo da lista, em nenhum dos nove dias do teste da pr\u00e9-temporada, seu ritmo na \u00faltima semana de teste, fez dele um candidato \u00e0 vit\u00f3ria em Losail neste domingo. <\/span><\/p>\n<p><span style=\"font-size: 14pt;\">O atual campe\u00e3o, Marc Marquez, estimou Dovizioso em \u201cseis ou sete d\u00e9cimos\u201d mais r\u00e1pido, logo ap\u00f3s o segundo dia de testes do Catar. Isso fez Marquez expressar preocupa\u00e7\u00e3o sobre a aparente facilidade do concorrente em conseguir tempos competitivos. <\/span><\/p>\n<p><span style=\"font-size: 14pt;\">O piloto da Ducati respondeu as considera\u00e7\u00f5es: \u201cEu estou agradecido que v\u00e1rias pessoas pensam isso e estou muito feliz em como o teste foi\u201d, disse Dovizioso quando perguntado sobre seu status de favorito no Catar. <\/span><\/p>\n<p><span style=\"font-size: 14pt;\">A nova temporada da MotoGP come\u00e7a no pr\u00f3ximo domingo (18), no Circuito de Losail no Catar.(fonte\/foto:Lance)<\/span><\/p>\n","protected":false},"excerpt":{"rendered":"<p>Andrea Dovizioso, da Ducati, diz que est\u00e1 \u201cagradecido\u201d por ser considerado o favorito para a vit\u00f3ria na rodada de abertura da MotoGP, no Catar que acontecer\u00e1 neste domingo dia 18 de Mar\u00e7o. Embora o piloto n\u00e3o tenha ficado no topo da lista, em nenhum dos nove dias do teste da pr\u00e9-temporada, seu ritmo na \u00faltima [&hellip;]<\/p>\n","protected":false},"author":1,"featured_media":25338,"comment_status":"open","ping_status":"open","sticky":false,"template":"","format":"standard","meta":[],"categories":[22],"tags":[],"_links":{"self":[{"href":"http:\/\/www.portalmantena.com.br\/novo\/index.php?rest_route=\/wp\/v2\/posts\/25337"}],"collection":[{"href":"http:\/\/www.portalmantena.com.br\/novo\/index.php?rest_route=\/wp\/v2\/posts"}],"about":[{"href":"http:\/\/www.portalmantena.com.br\/novo\/index.php?rest_route=\/wp\/v2\/types\/post"}],"author":[{"embeddable":true,"href":"http:\/\/www.portalmantena.com.br\/novo\/index.php?rest_route=\/wp\/v2\/users\/1"}],"replies":[{"embeddable":true,"href":"http:\/\/www.portalmantena.com.br\/novo\/index.php?rest_route=%2Fwp%2Fv2%2Fcomments&post=25337"}],"version-history":[{"count":1,"href":"http:\/\/www.portalmantena.com.br\/novo\/index.php?rest_route=\/wp\/v2\/posts\/25337\/revisions"}],"predecessor-version":[{"id":25339,"href":"http:\/\/www.portalmantena.com.br\/novo\/index.php?rest_route=\/wp\/v2\/posts\/25337\/revisions\/25339"}],"wp:featuredmedia":[{"embeddable":true,"href":"http:\/\/www.portalmantena.com.br\/novo\/index.php?rest_route=\/wp\/v2\/media\/25338"}],"wp:attachment":[{"href":"http:\/\/www.portalmantena.com.br\/novo\/index.php?rest_route=%2Fwp%2Fv2%2Fmedia&parent=25337"}],"wp:term":[{"taxonomy":"category","embeddable":true,"href":"http:\/\/www.portalmantena.com.br\/novo\/index.php?rest_route=%2Fwp%2Fv2%2Fcategories&post=25337"},{"taxonomy":"post_tag","embeddable":true,"href":"http:\/\/www.portalmantena.com.br\/novo\/index.php?rest_route=%2Fwp%2Fv2%2Ftags&post=25337"}],"curies":[{"name":"wp","href":"https:\/\/api.w.org\/{rel}","templated":true}]}}