{"id":25325,"date":"2018-03-13T11:39:16","date_gmt":"2018-03-13T14:39:16","guid":{"rendered":"http:\/\/www.portalmantena.com.br\/novo\/?p=25325"},"modified":"2018-03-13T14:22:20","modified_gmt":"2018-03-13T17:22:20","slug":"jovem-de-19-anos-mata-o-pai-a-facadas-em-ariranha","status":"publish","type":"post","link":"http:\/\/www.portalmantena.com.br\/novo\/?p=25325","title":{"rendered":"Filho de 19 anos mata o pai a facadas em Ariranha"},"content":{"rendered":"<p><a href=\"http:\/\/www.portalmantena.com.br\/novo\/wp-content\/uploads\/2018\/03\/no130318pm.jpg\"><img loading=\"lazy\" class=\"alignnone size-full wp-image-25326\" src=\"http:\/\/www.portalmantena.com.br\/novo\/wp-content\/uploads\/2018\/03\/no130318pm.jpg\" alt=\"\" width=\"700\" height=\"450\" srcset=\"http:\/\/www.portalmantena.com.br\/novo\/wp-content\/uploads\/2018\/03\/no130318pm.jpg 700w, http:\/\/www.portalmantena.com.br\/novo\/wp-content\/uploads\/2018\/03\/no130318pm-300x193.jpg 300w, http:\/\/www.portalmantena.com.br\/novo\/wp-content\/uploads\/2018\/03\/no130318pm-696x447.jpg 696w, http:\/\/www.portalmantena.com.br\/novo\/wp-content\/uploads\/2018\/03\/no130318pm-653x420.jpg 653w\" sizes=\"(max-width: 700px) 100vw, 700px\" \/><\/a><\/p>\n<p><span style=\"font-size: 14pt;\">Mais um homic\u00eddio \u00e9 registrado no munic\u00edpio de Mantena neste ano de 2018, desta vez com um fato lament\u00e1vel, filho mata o pr\u00f3prio pai. <\/span><\/p>\n<p><span style=\"font-size: 14pt;\">O crime aconteceu na noite desta segunda-feira dia 12 de Mar\u00e7o, no distrito de Barra do Ariranha. Segundo informa\u00e7\u00f5es, o suspeito de cometer o crime \u00e9 o jovem L.P.L. de 19 anos, que matou a facadas o pr\u00f3prio pai, identificado como Silvani Cristino de Souza, de 53 anos, que foi atingido no bra\u00e7o e no pesco\u00e7o. <\/span><\/p>\n<p><span style=\"font-size: 14pt;\">O crime teria acontecido dentro da casa da fam\u00edlia. Ap\u00f3s o crime, o jovem n\u00e3o fugiu, pegou o telefone e ligou para a pol\u00edcia militar narrando o que havia feito (confessando o crime). <\/span><\/p>\n<p><span style=\"font-size: 14pt;\">A pol\u00edcia militar atendeu a ocorr\u00eancia e ao chegar ao local identificou o suspeito, prendendo-o em flagrante, sendo levado at\u00e9 a delegacia de pol\u00edcia onde prestar\u00e1 esclarecimentos sobre o ocorrido. <\/span><\/p>\n<p><span style=\"font-size: 14pt;\">As primeiras informa\u00e7\u00f5es narram que houve um desentendimento entre os dois, inclusive com agress\u00f5es f\u00edsicas, fato que ser\u00e1 apurado pela autoridade policial. A faca utilizada no crime foi apreendida pela PM.<\/span><\/p>\n","protected":false},"excerpt":{"rendered":"<p>Mais um homic\u00eddio \u00e9 registrado no munic\u00edpio de Mantena neste ano de 2018, desta vez com um fato lament\u00e1vel, filho mata o pr\u00f3prio pai. O crime aconteceu na noite desta segunda-feira dia 12 de Mar\u00e7o, no distrito de Barra do Ariranha. Segundo informa\u00e7\u00f5es, o suspeito de cometer o crime \u00e9 o jovem L.P.L. de 19 [&hellip;]<\/p>\n","protected":false},"author":1,"featured_media":25326,"comment_status":"open","ping_status":"open","sticky":false,"template":"","format":"standard","meta":[],"categories":[11,34],"tags":[],"_links":{"self":[{"href":"http:\/\/www.portalmantena.com.br\/novo\/index.php?rest_route=\/wp\/v2\/posts\/25325"}],"collection":[{"href":"http:\/\/www.portalmantena.com.br\/novo\/index.php?rest_route=\/wp\/v2\/posts"}],"about":[{"href":"http:\/\/www.portalmantena.com.br\/novo\/index.php?rest_route=\/wp\/v2\/types\/post"}],"author":[{"embeddable":true,"href":"http:\/\/www.portalmantena.com.br\/novo\/index.php?rest_route=\/wp\/v2\/users\/1"}],"replies":[{"embeddable":true,"href":"http:\/\/www.portalmantena.com.br\/novo\/index.php?rest_route=%2Fwp%2Fv2%2Fcomments&post=25325"}],"version-history":[{"count":4,"href":"http:\/\/www.portalmantena.com.br\/novo\/index.php?rest_route=\/wp\/v2\/posts\/25325\/revisions"}],"predecessor-version":[{"id":25343,"href":"http:\/\/www.portalmantena.com.br\/novo\/index.php?rest_route=\/wp\/v2\/posts\/25325\/revisions\/25343"}],"wp:featuredmedia":[{"embeddable":true,"href":"http:\/\/www.portalmantena.com.br\/novo\/index.php?rest_route=\/wp\/v2\/media\/25326"}],"wp:attachment":[{"href":"http:\/\/www.portalmantena.com.br\/novo\/index.php?rest_route=%2Fwp%2Fv2%2Fmedia&parent=25325"}],"wp:term":[{"taxonomy":"category","embeddable":true,"href":"http:\/\/www.portalmantena.com.br\/novo\/index.php?rest_route=%2Fwp%2Fv2%2Fcategories&post=25325"},{"taxonomy":"post_tag","embeddable":true,"href":"http:\/\/www.portalmantena.com.br\/novo\/index.php?rest_route=%2Fwp%2Fv2%2Ftags&post=25325"}],"curies":[{"name":"wp","href":"https:\/\/api.w.org\/{rel}","templated":true}]}}