{"id":25320,"date":"2018-03-13T10:40:10","date_gmt":"2018-03-13T13:40:10","guid":{"rendered":"http:\/\/www.portalmantena.com.br\/novo\/?p=25320"},"modified":"2018-03-13T10:40:10","modified_gmt":"2018-03-13T13:40:10","slug":"instalacao-da-18a-companhia-ind-em-mantena-nesta-terca-feira","status":"publish","type":"post","link":"http:\/\/www.portalmantena.com.br\/novo\/?p=25320","title":{"rendered":"Instala\u00e7\u00e3o da 18\u00aa Companhia Ind. em Mantena nesta ter\u00e7a-feira"},"content":{"rendered":"<p><a href=\"http:\/\/www.portalmantena.com.br\/novo\/wp-content\/uploads\/2018\/03\/no130318assoleste3.jpg\"><img loading=\"lazy\" class=\"alignnone size-full wp-image-25323\" src=\"http:\/\/www.portalmantena.com.br\/novo\/wp-content\/uploads\/2018\/03\/no130318assoleste3.jpg\" alt=\"\" width=\"700\" height=\"450\" srcset=\"http:\/\/www.portalmantena.com.br\/novo\/wp-content\/uploads\/2018\/03\/no130318assoleste3.jpg 700w, http:\/\/www.portalmantena.com.br\/novo\/wp-content\/uploads\/2018\/03\/no130318assoleste3-300x193.jpg 300w, http:\/\/www.portalmantena.com.br\/novo\/wp-content\/uploads\/2018\/03\/no130318assoleste3-696x447.jpg 696w, http:\/\/www.portalmantena.com.br\/novo\/wp-content\/uploads\/2018\/03\/no130318assoleste3-653x420.jpg 653w\" sizes=\"(max-width: 700px) 100vw, 700px\" \/><\/a><\/p>\n<p><span style=\"font-size: 14pt;\">Acontecer\u00e1 a partir das 17 horas desta ter\u00e7a-feira dia 13 de mar\u00e7o de 2018 em Mantena na sede da Assoleste, um evento de Instala\u00e7\u00e3o da Assun\u00e7\u00e3o da 159\u00aa Companhia da Pol\u00edcia Militar de Mantena para 18\u00aa Companhia Independente. <\/span><\/p>\n<p><span style=\"font-size: 14pt;\">A solenidade ser\u00e1 realizada no audit\u00f3rio da Assoleste situado \u00e0 Rua Sete de Setembro, 312 no centro em Mantena e contar\u00e1 com as presen\u00e7as de diversas autoridades entre elas representantes do comando da Pol\u00edcia Militar de Minas Gerais, do executivo municipal, COMSEP, Penitenci\u00e1ria de Mantena, Assoleste dentre outros seguimentos.<\/span><\/p>\n<p><span style=\"font-size: 14pt;\"> Lembrando que a 18\u00aa Companhia Independente em Mantena j\u00e1 est\u00e1 em plena atividade, sendo comandada pela Major Carla de Oliveira Paula Ventura, desde os \u00faltimos meses de 2017, o que acontecer\u00e1 nesta data \u00e9 a instala\u00e7\u00e3o oficial da Companhia Independente.<\/span><\/p>\n<p><a href=\"http:\/\/www.portalmantena.com.br\/novo\/wp-content\/uploads\/2018\/03\/no130318assoleste2.jpg\"><img loading=\"lazy\" class=\"alignnone size-full wp-image-25322\" src=\"http:\/\/www.portalmantena.com.br\/novo\/wp-content\/uploads\/2018\/03\/no130318assoleste2.jpg\" alt=\"\" width=\"700\" height=\"450\" srcset=\"http:\/\/www.portalmantena.com.br\/novo\/wp-content\/uploads\/2018\/03\/no130318assoleste2.jpg 700w, http:\/\/www.portalmantena.com.br\/novo\/wp-content\/uploads\/2018\/03\/no130318assoleste2-300x193.jpg 300w, http:\/\/www.portalmantena.com.br\/novo\/wp-content\/uploads\/2018\/03\/no130318assoleste2-696x447.jpg 696w, http:\/\/www.portalmantena.com.br\/novo\/wp-content\/uploads\/2018\/03\/no130318assoleste2-653x420.jpg 653w\" sizes=\"(max-width: 700px) 100vw, 700px\" \/><\/a><a href=\"http:\/\/www.portalmantena.com.br\/novo\/wp-content\/uploads\/2018\/03\/no130318assoleste1.jpg\"><img loading=\"lazy\" class=\"alignnone size-full wp-image-25321\" src=\"http:\/\/www.portalmantena.com.br\/novo\/wp-content\/uploads\/2018\/03\/no130318assoleste1.jpg\" alt=\"\" width=\"700\" height=\"450\" srcset=\"http:\/\/www.portalmantena.com.br\/novo\/wp-content\/uploads\/2018\/03\/no130318assoleste1.jpg 700w, http:\/\/www.portalmantena.com.br\/novo\/wp-content\/uploads\/2018\/03\/no130318assoleste1-300x193.jpg 300w, http:\/\/www.portalmantena.com.br\/novo\/wp-content\/uploads\/2018\/03\/no130318assoleste1-696x447.jpg 696w, http:\/\/www.portalmantena.com.br\/novo\/wp-content\/uploads\/2018\/03\/no130318assoleste1-653x420.jpg 653w\" sizes=\"(max-width: 700px) 100vw, 700px\" \/><\/a><\/p>\n","protected":false},"excerpt":{"rendered":"<p>Acontecer\u00e1 a partir das 17 horas desta ter\u00e7a-feira dia 13 de mar\u00e7o de 2018 em Mantena na sede da Assoleste, um evento de Instala\u00e7\u00e3o da Assun\u00e7\u00e3o da 159\u00aa Companhia da Pol\u00edcia Militar de Mantena para 18\u00aa Companhia Independente. A solenidade ser\u00e1 realizada no audit\u00f3rio da Assoleste situado \u00e0 Rua Sete de Setembro, 312 no centro [&hellip;]<\/p>\n","protected":false},"author":1,"featured_media":25323,"comment_status":"open","ping_status":"open","sticky":false,"template":"","format":"standard","meta":[],"categories":[36,12],"tags":[],"_links":{"self":[{"href":"http:\/\/www.portalmantena.com.br\/novo\/index.php?rest_route=\/wp\/v2\/posts\/25320"}],"collection":[{"href":"http:\/\/www.portalmantena.com.br\/novo\/index.php?rest_route=\/wp\/v2\/posts"}],"about":[{"href":"http:\/\/www.portalmantena.com.br\/novo\/index.php?rest_route=\/wp\/v2\/types\/post"}],"author":[{"embeddable":true,"href":"http:\/\/www.portalmantena.com.br\/novo\/index.php?rest_route=\/wp\/v2\/users\/1"}],"replies":[{"embeddable":true,"href":"http:\/\/www.portalmantena.com.br\/novo\/index.php?rest_route=%2Fwp%2Fv2%2Fcomments&post=25320"}],"version-history":[{"count":1,"href":"http:\/\/www.portalmantena.com.br\/novo\/index.php?rest_route=\/wp\/v2\/posts\/25320\/revisions"}],"predecessor-version":[{"id":25324,"href":"http:\/\/www.portalmantena.com.br\/novo\/index.php?rest_route=\/wp\/v2\/posts\/25320\/revisions\/25324"}],"wp:featuredmedia":[{"embeddable":true,"href":"http:\/\/www.portalmantena.com.br\/novo\/index.php?rest_route=\/wp\/v2\/media\/25323"}],"wp:attachment":[{"href":"http:\/\/www.portalmantena.com.br\/novo\/index.php?rest_route=%2Fwp%2Fv2%2Fmedia&parent=25320"}],"wp:term":[{"taxonomy":"category","embeddable":true,"href":"http:\/\/www.portalmantena.com.br\/novo\/index.php?rest_route=%2Fwp%2Fv2%2Fcategories&post=25320"},{"taxonomy":"post_tag","embeddable":true,"href":"http:\/\/www.portalmantena.com.br\/novo\/index.php?rest_route=%2Fwp%2Fv2%2Ftags&post=25320"}],"curies":[{"name":"wp","href":"https:\/\/api.w.org\/{rel}","templated":true}]}}