{"id":250,"date":"2017-02-02T15:42:19","date_gmt":"2017-02-02T15:42:19","guid":{"rendered":"http:\/\/www.portalmantena.com.br\/novo\/?p=250"},"modified":"2017-02-06T20:59:35","modified_gmt":"2017-02-06T20:59:35","slug":"falta-de-energia-eletrica-atingiu-parte-do-centro-deixando-agencia-bancaria-sem-atendimento","status":"publish","type":"post","link":"http:\/\/www.portalmantena.com.br\/novo\/?p=250","title":{"rendered":"Falta de energia el\u00e9trica atingiu parte do centro deixando ag\u00eancia banc\u00e1ria sem atendimento"},"content":{"rendered":"<p><a href=\"http:\/\/www.portalmantena.com.br\/novo\/wp-content\/uploads\/2017\/02\/news310117caixa1.jpg\"><img loading=\"lazy\" class=\"alignnone size-full wp-image-251\" src=\"http:\/\/www.portalmantena.com.br\/novo\/wp-content\/uploads\/2017\/02\/news310117caixa1.jpg\" alt=\"\" width=\"650\" height=\"420\" srcset=\"http:\/\/www.portalmantena.com.br\/novo\/wp-content\/uploads\/2017\/02\/news310117caixa1.jpg 650w, http:\/\/www.portalmantena.com.br\/novo\/wp-content\/uploads\/2017\/02\/news310117caixa1-300x194.jpg 300w\" sizes=\"(max-width: 650px) 100vw, 650px\" \/><\/a><\/p>\n<p>A Falta de energia el\u00e9trica provocou transtornos em Mantena neste in\u00edcio de semana. O problema foi detectado na manh\u00e3 desta ter\u00e7a-feira (31), em um transformador de energia el\u00e9trica instalado pr\u00f3ximo da ag\u00eancia da caixa Econ\u00f4mica Federal, situada \u00e0 avenida Get\u00falio Vargas. Segundo informa\u00e7\u00f5es, algo estranho j\u00e1 havia sido registrado no \u00faltimo domingo, no entanto, apenas na segunda-feira veio a gravidade do problema, com os terminais da ag\u00eancia parados, sem energia el\u00e9trica.<\/p>\n<p>No per\u00edodo da tarde, a energia chegou a ser desligada na regi\u00e3o para que reparos fossem feitos por funcion\u00e1rios da Cemig. Neste per\u00edodo boa parte dos com\u00e9rcios da regi\u00e3o bem como resid\u00eancias foram afetadas pela falta de luz. No in\u00edcio da noite a energia foi restabelecida.<\/p>\n<p>Na manh\u00e3 desta ter\u00e7a-feira (31), por volta das 8 horas, novamente a energia el\u00e9trica foi interrompida neste trecho, \u00e9 que o problema ainda n\u00e3o havia sido solucionado, e muito menos identificado. Foi quando os oper\u00e1rios e suas equipes conseguiram isolar a \u00e1rea e descobrir o que realmente havia acontecido. Identificaram ent\u00e3o que o problema estava no transformador de energia que abastece a ag\u00eancia banc\u00e1ria.<\/p>\n<p>Ele foi isolado da rede p\u00fablica e a partir de agora uma solu\u00e7\u00e3o deve ser providenciada pela ger\u00eancia da ag\u00eancia. Clientes da Caixa aguardam uma posi\u00e7\u00e3o sobre quando os terminais e o atendimento ser\u00e1 restabelecido. At\u00e9 o fechamento desta mat\u00e9ria ainda n\u00e3o se tinha uma posi\u00e7\u00e3o definida sobre a gravidade do problema.<\/p>\n<p>No entanto, t\u00e9cnicos j\u00e1 haviam sido acionados para acompanhar todos os procedimentos diagnosticando poss\u00edveis danos na rede e o prazo para que o atendimento ao p\u00fablico seja restabelecido.<\/p>\n<p><a href=\"http:\/\/www.portalmantena.com.br\/novo\/wp-content\/uploads\/2017\/02\/news310117caixa2.jpg\"><img loading=\"lazy\" class=\"alignnone size-full wp-image-252\" src=\"http:\/\/www.portalmantena.com.br\/novo\/wp-content\/uploads\/2017\/02\/news310117caixa2.jpg\" alt=\"\" width=\"650\" height=\"420\" srcset=\"http:\/\/www.portalmantena.com.br\/novo\/wp-content\/uploads\/2017\/02\/news310117caixa2.jpg 650w, http:\/\/www.portalmantena.com.br\/novo\/wp-content\/uploads\/2017\/02\/news310117caixa2-300x194.jpg 300w\" sizes=\"(max-width: 650px) 100vw, 650px\" \/><\/a> <a href=\"http:\/\/www.portalmantena.com.br\/novo\/wp-content\/uploads\/2017\/02\/news310117caixa3.jpg\"><img loading=\"lazy\" class=\"alignnone size-full wp-image-253\" src=\"http:\/\/www.portalmantena.com.br\/novo\/wp-content\/uploads\/2017\/02\/news310117caixa3.jpg\" alt=\"\" width=\"650\" height=\"420\" srcset=\"http:\/\/www.portalmantena.com.br\/novo\/wp-content\/uploads\/2017\/02\/news310117caixa3.jpg 650w, http:\/\/www.portalmantena.com.br\/novo\/wp-content\/uploads\/2017\/02\/news310117caixa3-300x194.jpg 300w\" sizes=\"(max-width: 650px) 100vw, 650px\" \/><\/a> <a href=\"http:\/\/www.portalmantena.com.br\/novo\/wp-content\/uploads\/2017\/02\/news310117caixa4.jpg\"><img loading=\"lazy\" class=\"alignnone size-full wp-image-254\" src=\"http:\/\/www.portalmantena.com.br\/novo\/wp-content\/uploads\/2017\/02\/news310117caixa4.jpg\" alt=\"\" width=\"650\" height=\"420\" srcset=\"http:\/\/www.portalmantena.com.br\/novo\/wp-content\/uploads\/2017\/02\/news310117caixa4.jpg 650w, http:\/\/www.portalmantena.com.br\/novo\/wp-content\/uploads\/2017\/02\/news310117caixa4-300x194.jpg 300w\" sizes=\"(max-width: 650px) 100vw, 650px\" \/><\/a> <a href=\"http:\/\/www.portalmantena.com.br\/novo\/wp-content\/uploads\/2017\/02\/news310117caixa5.jpg\"><img loading=\"lazy\" class=\"alignnone size-full wp-image-255\" src=\"http:\/\/www.portalmantena.com.br\/novo\/wp-content\/uploads\/2017\/02\/news310117caixa5.jpg\" alt=\"\" width=\"650\" height=\"420\" srcset=\"http:\/\/www.portalmantena.com.br\/novo\/wp-content\/uploads\/2017\/02\/news310117caixa5.jpg 650w, http:\/\/www.portalmantena.com.br\/novo\/wp-content\/uploads\/2017\/02\/news310117caixa5-300x194.jpg 300w\" sizes=\"(max-width: 650px) 100vw, 650px\" \/><\/a><\/p>\n","protected":false},"excerpt":{"rendered":"<p>A Falta de energia el\u00e9trica provocou transtornos em Mantena neste in\u00edcio de semana. O problema foi detectado na manh\u00e3 desta ter\u00e7a-feira (31), em um transformador de energia el\u00e9trica instalado pr\u00f3ximo da ag\u00eancia da caixa Econ\u00f4mica Federal, situada \u00e0 avenida Get\u00falio Vargas. Segundo informa\u00e7\u00f5es, algo estranho j\u00e1 havia sido registrado no \u00faltimo domingo, no entanto, apenas [&hellip;]<\/p>\n","protected":false},"author":1,"featured_media":252,"comment_status":"open","ping_status":"open","sticky":false,"template":"","format":"standard","meta":[],"categories":[12,11],"tags":[],"_links":{"self":[{"href":"http:\/\/www.portalmantena.com.br\/novo\/index.php?rest_route=\/wp\/v2\/posts\/250"}],"collection":[{"href":"http:\/\/www.portalmantena.com.br\/novo\/index.php?rest_route=\/wp\/v2\/posts"}],"about":[{"href":"http:\/\/www.portalmantena.com.br\/novo\/index.php?rest_route=\/wp\/v2\/types\/post"}],"author":[{"embeddable":true,"href":"http:\/\/www.portalmantena.com.br\/novo\/index.php?rest_route=\/wp\/v2\/users\/1"}],"replies":[{"embeddable":true,"href":"http:\/\/www.portalmantena.com.br\/novo\/index.php?rest_route=%2Fwp%2Fv2%2Fcomments&post=250"}],"version-history":[{"count":2,"href":"http:\/\/www.portalmantena.com.br\/novo\/index.php?rest_route=\/wp\/v2\/posts\/250\/revisions"}],"predecessor-version":[{"id":449,"href":"http:\/\/www.portalmantena.com.br\/novo\/index.php?rest_route=\/wp\/v2\/posts\/250\/revisions\/449"}],"wp:featuredmedia":[{"embeddable":true,"href":"http:\/\/www.portalmantena.com.br\/novo\/index.php?rest_route=\/wp\/v2\/media\/252"}],"wp:attachment":[{"href":"http:\/\/www.portalmantena.com.br\/novo\/index.php?rest_route=%2Fwp%2Fv2%2Fmedia&parent=250"}],"wp:term":[{"taxonomy":"category","embeddable":true,"href":"http:\/\/www.portalmantena.com.br\/novo\/index.php?rest_route=%2Fwp%2Fv2%2Fcategories&post=250"},{"taxonomy":"post_tag","embeddable":true,"href":"http:\/\/www.portalmantena.com.br\/novo\/index.php?rest_route=%2Fwp%2Fv2%2Ftags&post=250"}],"curies":[{"name":"wp","href":"https:\/\/api.w.org\/{rel}","templated":true}]}}