{"id":2496,"date":"2017-03-09T16:47:37","date_gmt":"2017-03-09T16:47:37","guid":{"rendered":"http:\/\/www.portalmantena.com.br\/novo\/?p=2496"},"modified":"2017-03-09T20:02:43","modified_gmt":"2017-03-09T20:02:43","slug":"agencia-da-caixa-em-mantena-atendera-em-horario-diferenciado-sobre-as-contas-inativas-do-fgts","status":"publish","type":"post","link":"http:\/\/www.portalmantena.com.br\/novo\/?p=2496","title":{"rendered":"Ag\u00eancia em Mantena atender\u00e1 em hor\u00e1rio diferenciado sobre as Contas Inativas do FGTS"},"content":{"rendered":"<p><a href=\"http:\/\/www.portalmantena.com.br\/novo\/wp-content\/uploads\/2017\/03\/no090317caixa.jpg\"><img loading=\"lazy\" class=\"alignnone size-full wp-image-2497\" src=\"http:\/\/www.portalmantena.com.br\/novo\/wp-content\/uploads\/2017\/03\/no090317caixa.jpg\" alt=\"\" width=\"700\" height=\"450\" srcset=\"http:\/\/www.portalmantena.com.br\/novo\/wp-content\/uploads\/2017\/03\/no090317caixa.jpg 700w, http:\/\/www.portalmantena.com.br\/novo\/wp-content\/uploads\/2017\/03\/no090317caixa-300x193.jpg 300w, http:\/\/www.portalmantena.com.br\/novo\/wp-content\/uploads\/2017\/03\/no090317caixa-696x447.jpg 696w, http:\/\/www.portalmantena.com.br\/novo\/wp-content\/uploads\/2017\/03\/no090317caixa-653x420.jpg 653w\" sizes=\"(max-width: 700px) 100vw, 700px\" \/><\/a><\/p>\n<p><span style=\"font-size: 14pt;\">A Caixa Econ\u00f4mica Federal, praticamente em todo o pa\u00eds vai abrir nesta sexta-feira (10), na segunda (13) e na ter\u00e7a-feira (14) com duas horas de anteced\u00eancia para atender quem for \u00e0s ag\u00eancias para sacar o dinheiro das contas inativas do Fundo de Garantia do Tempo de Servi\u00e7o (FGTS), como tamb\u00e9m para obter informa\u00e7\u00f5es sobre saldo ou acertar o cadastro. <\/span><\/p>\n<p><span style=\"font-size: 14pt;\">Em Mantena este hor\u00e1rio tamb\u00e9m ser\u00e1 cumprido, no entanto vale a pena refor\u00e7ar que ser\u00e1 somente para atendimento ao assunto Contas Inativas do FGTS. <\/span><\/p>\n<p><span style=\"font-size: 14pt;\">Lembrando ainda que neste s\u00e1bado dia 11 de mar\u00e7o, a ag\u00eancia em Mantena atender\u00e1 de 9 \u00e0s 15 horas, tamb\u00e9m para as pessoas que buscarem informa\u00e7\u00f5es sobre o assunto, Contas inativas do FGTS.<\/span><\/p>\n<p><span style=\"font-size: 14pt;\"> Este procedimento diferenciado trata-se de &#8220;uma estrat\u00e9gia de conting\u00eancia&#8221; que pode ser ampliada em caso de necessidade, conforme informado a n\u00edvel nacional.<\/span><\/p>\n","protected":false},"excerpt":{"rendered":"<p>A Caixa Econ\u00f4mica Federal, praticamente em todo o pa\u00eds vai abrir nesta sexta-feira (10), na segunda (13) e na ter\u00e7a-feira (14) com duas horas de anteced\u00eancia para atender quem for \u00e0s ag\u00eancias para sacar o dinheiro das contas inativas do Fundo de Garantia do Tempo de Servi\u00e7o (FGTS), como tamb\u00e9m para obter informa\u00e7\u00f5es sobre saldo [&hellip;]<\/p>\n","protected":false},"author":1,"featured_media":2497,"comment_status":"open","ping_status":"open","sticky":false,"template":"","format":"standard","meta":[],"categories":[36,12,11],"tags":[],"_links":{"self":[{"href":"http:\/\/www.portalmantena.com.br\/novo\/index.php?rest_route=\/wp\/v2\/posts\/2496"}],"collection":[{"href":"http:\/\/www.portalmantena.com.br\/novo\/index.php?rest_route=\/wp\/v2\/posts"}],"about":[{"href":"http:\/\/www.portalmantena.com.br\/novo\/index.php?rest_route=\/wp\/v2\/types\/post"}],"author":[{"embeddable":true,"href":"http:\/\/www.portalmantena.com.br\/novo\/index.php?rest_route=\/wp\/v2\/users\/1"}],"replies":[{"embeddable":true,"href":"http:\/\/www.portalmantena.com.br\/novo\/index.php?rest_route=%2Fwp%2Fv2%2Fcomments&post=2496"}],"version-history":[{"count":3,"href":"http:\/\/www.portalmantena.com.br\/novo\/index.php?rest_route=\/wp\/v2\/posts\/2496\/revisions"}],"predecessor-version":[{"id":2500,"href":"http:\/\/www.portalmantena.com.br\/novo\/index.php?rest_route=\/wp\/v2\/posts\/2496\/revisions\/2500"}],"wp:featuredmedia":[{"embeddable":true,"href":"http:\/\/www.portalmantena.com.br\/novo\/index.php?rest_route=\/wp\/v2\/media\/2497"}],"wp:attachment":[{"href":"http:\/\/www.portalmantena.com.br\/novo\/index.php?rest_route=%2Fwp%2Fv2%2Fmedia&parent=2496"}],"wp:term":[{"taxonomy":"category","embeddable":true,"href":"http:\/\/www.portalmantena.com.br\/novo\/index.php?rest_route=%2Fwp%2Fv2%2Fcategories&post=2496"},{"taxonomy":"post_tag","embeddable":true,"href":"http:\/\/www.portalmantena.com.br\/novo\/index.php?rest_route=%2Fwp%2Fv2%2Ftags&post=2496"}],"curies":[{"name":"wp","href":"https:\/\/api.w.org\/{rel}","templated":true}]}}