{"id":2494,"date":"2017-03-09T16:21:29","date_gmt":"2017-03-09T16:21:29","guid":{"rendered":"http:\/\/www.portalmantena.com.br\/novo\/?p=2494"},"modified":"2017-03-09T16:21:29","modified_gmt":"2017-03-09T16:21:29","slug":"operacao-prende-quadrilha-especializada-em-roubo-a-bancos-na-regiao","status":"publish","type":"post","link":"http:\/\/www.portalmantena.com.br\/novo\/?p=2494","title":{"rendered":"Opera\u00e7\u00e3o prende quadrilha especializada em roubo a bancos na regi\u00e3o"},"content":{"rendered":"<p><span style=\"font-size: 14pt;\">Uma quadrilha especializada em arrombamento de ag\u00eancia da Caixa Econ\u00f4mica Federal foi desarticulada no Esp\u00edrito Santo. De acordo com a Pol\u00edcia Federal, foi deflagrada na manh\u00e3 desta quinta-feira (9) a Opera\u00e7\u00e3o Mutir\u00e3o com o objetivo de deter o grupo.\u00a0 Segundo a pol\u00edcia, os roubos aconteceram especialmente no munic\u00edpio de Ibira\u00e7u, nos meses de setembro e outubro de 2016. <\/span><\/p>\n<p><span style=\"font-size: 14pt;\">Na ocasi\u00e3o dos arrombamentos, foram levados os coletes bal\u00edsticos e os rev\u00f3lveres dos vigilantes da ag\u00eancia.\u00a0 A investiga\u00e7\u00e3o, segundo a PF, contou com o apoio da Pol\u00edcia Civil do munic\u00edpio, que apreendeu um dos rev\u00f3lveres furtados. Foram cumpridos tr\u00eas mandados de busca e apreens\u00e3o no munic\u00edpio e um mandado de pris\u00e3o. <\/span><\/p>\n<p><span style=\"font-size: 14pt;\">Um dos criminosos permanece foragido.\u00a0De acordo com a Pol\u00edcia Federal, os investigados responder\u00e3o pelos crimes de furto qualificado, recepta\u00e7\u00e3o e associa\u00e7\u00e3o criminosa e, se condenados, poder\u00e3o receber pena de at\u00e9 12 anos de reclus\u00e3o. (fonte:folhavitoria)<\/span><\/p>\n","protected":false},"excerpt":{"rendered":"<p>Uma quadrilha especializada em arrombamento de ag\u00eancia da Caixa Econ\u00f4mica Federal foi desarticulada no Esp\u00edrito Santo. De acordo com a Pol\u00edcia Federal, foi deflagrada na manh\u00e3 desta quinta-feira (9) a Opera\u00e7\u00e3o Mutir\u00e3o com o objetivo de deter o grupo.\u00a0 Segundo a pol\u00edcia, os roubos aconteceram especialmente no munic\u00edpio de Ibira\u00e7u, nos meses de setembro e [&hellip;]<\/p>\n","protected":false},"author":1,"featured_media":0,"comment_status":"open","ping_status":"open","sticky":false,"template":"","format":"standard","meta":[],"categories":[24],"tags":[],"_links":{"self":[{"href":"http:\/\/www.portalmantena.com.br\/novo\/index.php?rest_route=\/wp\/v2\/posts\/2494"}],"collection":[{"href":"http:\/\/www.portalmantena.com.br\/novo\/index.php?rest_route=\/wp\/v2\/posts"}],"about":[{"href":"http:\/\/www.portalmantena.com.br\/novo\/index.php?rest_route=\/wp\/v2\/types\/post"}],"author":[{"embeddable":true,"href":"http:\/\/www.portalmantena.com.br\/novo\/index.php?rest_route=\/wp\/v2\/users\/1"}],"replies":[{"embeddable":true,"href":"http:\/\/www.portalmantena.com.br\/novo\/index.php?rest_route=%2Fwp%2Fv2%2Fcomments&post=2494"}],"version-history":[{"count":1,"href":"http:\/\/www.portalmantena.com.br\/novo\/index.php?rest_route=\/wp\/v2\/posts\/2494\/revisions"}],"predecessor-version":[{"id":2495,"href":"http:\/\/www.portalmantena.com.br\/novo\/index.php?rest_route=\/wp\/v2\/posts\/2494\/revisions\/2495"}],"wp:attachment":[{"href":"http:\/\/www.portalmantena.com.br\/novo\/index.php?rest_route=%2Fwp%2Fv2%2Fmedia&parent=2494"}],"wp:term":[{"taxonomy":"category","embeddable":true,"href":"http:\/\/www.portalmantena.com.br\/novo\/index.php?rest_route=%2Fwp%2Fv2%2Fcategories&post=2494"},{"taxonomy":"post_tag","embeddable":true,"href":"http:\/\/www.portalmantena.com.br\/novo\/index.php?rest_route=%2Fwp%2Fv2%2Ftags&post=2494"}],"curies":[{"name":"wp","href":"https:\/\/api.w.org\/{rel}","templated":true}]}}