{"id":248,"date":"2017-02-02T15:38:04","date_gmt":"2017-02-02T15:38:04","guid":{"rendered":"http:\/\/www.portalmantena.com.br\/novo\/?p=248"},"modified":"2017-02-16T16:53:56","modified_gmt":"2017-02-16T16:53:56","slug":"empresa-escola-prepara-candidatos-para-o-concurso-de-agente-penitenciario-em-mantena","status":"publish","type":"post","link":"http:\/\/www.portalmantena.com.br\/novo\/?p=248","title":{"rendered":"Empresa Escola prepara candidatos para o Concurso de Agente Penitenci\u00e1rio em Mantena"},"content":{"rendered":"<p><a href=\"http:\/\/www.portalmantena.com.br\/novo\/wp-content\/uploads\/2017\/02\/news010217concurso3.jpg\"><img loading=\"lazy\" class=\"alignnone size-full wp-image-242\" src=\"http:\/\/www.portalmantena.com.br\/novo\/wp-content\/uploads\/2017\/02\/news010217concurso3.jpg\" alt=\"\" width=\"650\" height=\"420\" srcset=\"http:\/\/www.portalmantena.com.br\/novo\/wp-content\/uploads\/2017\/02\/news010217concurso3.jpg 650w, http:\/\/www.portalmantena.com.br\/novo\/wp-content\/uploads\/2017\/02\/news010217concurso3-300x194.jpg 300w\" sizes=\"(max-width: 650px) 100vw, 650px\" \/><\/a><\/p>\n<p>Um evento esta semana, marcou uma das aulas da empresa escola E-Profissionalizando, em Mantena. A Institui\u00e7\u00e3o teve a presen\u00e7a do Diretor e respons\u00e1veis pelo Pres\u00eddio de Mantena, explicando aos Aspirantes ao cargo de Agente Penitenci\u00e1rio, as etapas do processo Seletivo do Concurso que se aproxima.<\/p>\n<p>A turma do Preparat\u00f3rio para Agente Penitenci\u00e1rio de Minas Gerais, recebeu a presen\u00e7a do diretor do pres\u00eddio, juntamente com o chefe de Escolta, e mais dois agentes, que proporcionaram um momento de tirar as d\u00favidas dos alunos, sobre a carreira, e sobre as etapas do processo seletivo.<\/p>\n<p>V\u00e1rias turmas est\u00e3o sendo montadas na escola, como prepara\u00e7\u00e3o para o Concurso, e experi\u00eancias como esta, informando aos candidatos como \u00e9 a profiss\u00e3o, quais as atribui\u00e7\u00f5es e d\u00favidas, s\u00e3o bastante importantes. Pessoas que ainda estiverem interessadas em ingressar neste preparat\u00f3rio, pode entrar em contado pelo Zap 9 8880-2963 para mais informa\u00e7\u00f5es. A dire\u00e7\u00e3o da escola informa que ainda h\u00e1 vagas para a turma de quinta-feira.<\/p>\n<p><a href=\"http:\/\/www.portalmantena.com.br\/novo\/wp-content\/uploads\/2017\/02\/news010217concurso2.jpg\"><img loading=\"lazy\" class=\"alignnone size-full wp-image-241\" src=\"http:\/\/www.portalmantena.com.br\/novo\/wp-content\/uploads\/2017\/02\/news010217concurso2.jpg\" alt=\"\" width=\"650\" height=\"420\" srcset=\"http:\/\/www.portalmantena.com.br\/novo\/wp-content\/uploads\/2017\/02\/news010217concurso2.jpg 650w, http:\/\/www.portalmantena.com.br\/novo\/wp-content\/uploads\/2017\/02\/news010217concurso2-300x194.jpg 300w\" sizes=\"(max-width: 650px) 100vw, 650px\" \/><\/a> <a href=\"http:\/\/www.portalmantena.com.br\/novo\/wp-content\/uploads\/2017\/02\/news010217concurso1.jpg\"><img loading=\"lazy\" class=\"alignnone size-full wp-image-240\" src=\"http:\/\/www.portalmantena.com.br\/novo\/wp-content\/uploads\/2017\/02\/news010217concurso1.jpg\" alt=\"\" width=\"650\" height=\"420\" srcset=\"http:\/\/www.portalmantena.com.br\/novo\/wp-content\/uploads\/2017\/02\/news010217concurso1.jpg 650w, http:\/\/www.portalmantena.com.br\/novo\/wp-content\/uploads\/2017\/02\/news010217concurso1-300x194.jpg 300w\" sizes=\"(max-width: 650px) 100vw, 650px\" \/><\/a><\/p>\n","protected":false},"excerpt":{"rendered":"<p>Um evento esta semana, marcou uma das aulas da empresa escola E-Profissionalizando, em Mantena. A Institui\u00e7\u00e3o teve a presen\u00e7a do Diretor e respons\u00e1veis pelo Pres\u00eddio de Mantena, explicando aos Aspirantes ao cargo de Agente Penitenci\u00e1rio, as etapas do processo Seletivo do Concurso que se aproxima. A turma do Preparat\u00f3rio para Agente Penitenci\u00e1rio de Minas Gerais, [&hellip;]<\/p>\n","protected":false},"author":1,"featured_media":241,"comment_status":"open","ping_status":"open","sticky":false,"template":"","format":"standard","meta":[],"categories":[12,11,34],"tags":[],"_links":{"self":[{"href":"http:\/\/www.portalmantena.com.br\/novo\/index.php?rest_route=\/wp\/v2\/posts\/248"}],"collection":[{"href":"http:\/\/www.portalmantena.com.br\/novo\/index.php?rest_route=\/wp\/v2\/posts"}],"about":[{"href":"http:\/\/www.portalmantena.com.br\/novo\/index.php?rest_route=\/wp\/v2\/types\/post"}],"author":[{"embeddable":true,"href":"http:\/\/www.portalmantena.com.br\/novo\/index.php?rest_route=\/wp\/v2\/users\/1"}],"replies":[{"embeddable":true,"href":"http:\/\/www.portalmantena.com.br\/novo\/index.php?rest_route=%2Fwp%2Fv2%2Fcomments&post=248"}],"version-history":[{"count":2,"href":"http:\/\/www.portalmantena.com.br\/novo\/index.php?rest_route=\/wp\/v2\/posts\/248\/revisions"}],"predecessor-version":[{"id":1340,"href":"http:\/\/www.portalmantena.com.br\/novo\/index.php?rest_route=\/wp\/v2\/posts\/248\/revisions\/1340"}],"wp:featuredmedia":[{"embeddable":true,"href":"http:\/\/www.portalmantena.com.br\/novo\/index.php?rest_route=\/wp\/v2\/media\/241"}],"wp:attachment":[{"href":"http:\/\/www.portalmantena.com.br\/novo\/index.php?rest_route=%2Fwp%2Fv2%2Fmedia&parent=248"}],"wp:term":[{"taxonomy":"category","embeddable":true,"href":"http:\/\/www.portalmantena.com.br\/novo\/index.php?rest_route=%2Fwp%2Fv2%2Fcategories&post=248"},{"taxonomy":"post_tag","embeddable":true,"href":"http:\/\/www.portalmantena.com.br\/novo\/index.php?rest_route=%2Fwp%2Fv2%2Ftags&post=248"}],"curies":[{"name":"wp","href":"https:\/\/api.w.org\/{rel}","templated":true}]}}