{"id":2469,"date":"2017-03-09T14:21:16","date_gmt":"2017-03-09T14:21:16","guid":{"rendered":"http:\/\/www.portalmantena.com.br\/novo\/?p=2469"},"modified":"2017-03-09T14:21:16","modified_gmt":"2017-03-09T14:21:16","slug":"dr-janio-comemorando-62-anos-de-vida-parabens","status":"publish","type":"post","link":"http:\/\/www.portalmantena.com.br\/novo\/?p=2469","title":{"rendered":"Dr. J\u00e2nio comemorando 62 anos de vida, parab\u00e9ns"},"content":{"rendered":"<p><a href=\"http:\/\/www.portalmantena.com.br\/novo\/wp-content\/uploads\/2017\/03\/vi090317anio.jpg\"><img loading=\"lazy\" class=\"alignnone size-full wp-image-2470\" src=\"http:\/\/www.portalmantena.com.br\/novo\/wp-content\/uploads\/2017\/03\/vi090317anio.jpg\" alt=\"\" width=\"700\" height=\"450\" srcset=\"http:\/\/www.portalmantena.com.br\/novo\/wp-content\/uploads\/2017\/03\/vi090317anio.jpg 700w, http:\/\/www.portalmantena.com.br\/novo\/wp-content\/uploads\/2017\/03\/vi090317anio-300x193.jpg 300w, http:\/\/www.portalmantena.com.br\/novo\/wp-content\/uploads\/2017\/03\/vi090317anio-696x447.jpg 696w, http:\/\/www.portalmantena.com.br\/novo\/wp-content\/uploads\/2017\/03\/vi090317anio-653x420.jpg 653w\" sizes=\"(max-width: 700px) 100vw, 700px\" \/><\/a><\/p>\n<p><span style=\"font-size: 14pt;\">O conhecido Dr. J\u00e2nio Assis, \u00e9 o aniversariante da semana. Ele completa 62 anos de vida, e comemorou com a fam\u00edlia e alguns amigos com um jantar em sua casa na noite desta ter\u00e7a-feira (7), e logo ap\u00f3s fez quest\u00e3o de cortar o bolo. <\/span><\/p>\n<p><span style=\"font-size: 14pt;\">Desejamos al\u00e9m de muita sa\u00fade, sucesso e muitas felicidades. As demais fotos desta comemora\u00e7\u00e3o estaremos divulgando no link FESTAS aqui no portal, aguardem.<\/span><\/p>\n","protected":false},"excerpt":{"rendered":"<p>O conhecido Dr. J\u00e2nio Assis, \u00e9 o aniversariante da semana. Ele completa 62 anos de vida, e comemorou com a fam\u00edlia e alguns amigos com um jantar em sua casa na noite desta ter\u00e7a-feira (7), e logo ap\u00f3s fez quest\u00e3o de cortar o bolo. Desejamos al\u00e9m de muita sa\u00fade, sucesso e muitas felicidades. As demais [&hellip;]<\/p>\n","protected":false},"author":1,"featured_media":2470,"comment_status":"open","ping_status":"open","sticky":false,"template":"","format":"standard","meta":[],"categories":[7],"tags":[],"_links":{"self":[{"href":"http:\/\/www.portalmantena.com.br\/novo\/index.php?rest_route=\/wp\/v2\/posts\/2469"}],"collection":[{"href":"http:\/\/www.portalmantena.com.br\/novo\/index.php?rest_route=\/wp\/v2\/posts"}],"about":[{"href":"http:\/\/www.portalmantena.com.br\/novo\/index.php?rest_route=\/wp\/v2\/types\/post"}],"author":[{"embeddable":true,"href":"http:\/\/www.portalmantena.com.br\/novo\/index.php?rest_route=\/wp\/v2\/users\/1"}],"replies":[{"embeddable":true,"href":"http:\/\/www.portalmantena.com.br\/novo\/index.php?rest_route=%2Fwp%2Fv2%2Fcomments&post=2469"}],"version-history":[{"count":1,"href":"http:\/\/www.portalmantena.com.br\/novo\/index.php?rest_route=\/wp\/v2\/posts\/2469\/revisions"}],"predecessor-version":[{"id":2471,"href":"http:\/\/www.portalmantena.com.br\/novo\/index.php?rest_route=\/wp\/v2\/posts\/2469\/revisions\/2471"}],"wp:featuredmedia":[{"embeddable":true,"href":"http:\/\/www.portalmantena.com.br\/novo\/index.php?rest_route=\/wp\/v2\/media\/2470"}],"wp:attachment":[{"href":"http:\/\/www.portalmantena.com.br\/novo\/index.php?rest_route=%2Fwp%2Fv2%2Fmedia&parent=2469"}],"wp:term":[{"taxonomy":"category","embeddable":true,"href":"http:\/\/www.portalmantena.com.br\/novo\/index.php?rest_route=%2Fwp%2Fv2%2Fcategories&post=2469"},{"taxonomy":"post_tag","embeddable":true,"href":"http:\/\/www.portalmantena.com.br\/novo\/index.php?rest_route=%2Fwp%2Fv2%2Ftags&post=2469"}],"curies":[{"name":"wp","href":"https:\/\/api.w.org\/{rel}","templated":true}]}}