{"id":2450,"date":"2017-03-09T13:33:46","date_gmt":"2017-03-09T13:33:46","guid":{"rendered":"http:\/\/www.portalmantena.com.br\/novo\/?p=2450"},"modified":"2017-03-09T14:28:20","modified_gmt":"2017-03-09T14:28:20","slug":"quinta-feira-de-chuva-sobre-mantena-apos-14-dias-de-estiagem","status":"publish","type":"post","link":"http:\/\/www.portalmantena.com.br\/novo\/?p=2450","title":{"rendered":"Quinta-feira de chuva sobre Mantena ap\u00f3s 14 dias de estiagem"},"content":{"rendered":"<p><a href=\"http:\/\/www.portalmantena.com.br\/novo\/wp-content\/uploads\/2017\/03\/no090317chuva1.jpg\"><img loading=\"lazy\" class=\"alignnone size-full wp-image-2451\" src=\"http:\/\/www.portalmantena.com.br\/novo\/wp-content\/uploads\/2017\/03\/no090317chuva1.jpg\" alt=\"\" width=\"700\" height=\"450\" srcset=\"http:\/\/www.portalmantena.com.br\/novo\/wp-content\/uploads\/2017\/03\/no090317chuva1.jpg 700w, http:\/\/www.portalmantena.com.br\/novo\/wp-content\/uploads\/2017\/03\/no090317chuva1-300x193.jpg 300w, http:\/\/www.portalmantena.com.br\/novo\/wp-content\/uploads\/2017\/03\/no090317chuva1-696x447.jpg 696w, http:\/\/www.portalmantena.com.br\/novo\/wp-content\/uploads\/2017\/03\/no090317chuva1-653x420.jpg 653w\" sizes=\"(max-width: 700px) 100vw, 700px\" \/><\/a><\/p>\n<p><span style=\"font-size: 14pt;\">Ap\u00f3s 14 dias de estiagem, uma aben\u00e7oada chuva caiu sobre Mantena e regi\u00e3o na manh\u00e3 desta quinta-feira dia 09 de mar\u00e7o. Logo bem cedo, no momento em que o trabalhador mantenense sa\u00eda para mais um dia de trabalho, a chuva veio sobre a cidade amenizando dias de muito calor e a temperatura em m\u00e9dia atingindo os 38 graus.<\/span><\/p>\n<p><span style=\"font-size: 14pt;\"> Na manh\u00e3 desta quinta-feira foi diferente, o dia amanheceu nublado e com aquele clima que acaba deixando todo mundo com aquela pregui\u00e7a. De acordo com a esta\u00e7\u00e3o meteorol\u00f3gica instalada na ETA\/SAAE, choveu no primeiro momento sobre Mantena cerca de 3,6 mil\u00edmetros, ou seja quase 4 litros por metro quadrado. <\/span><\/p>\n<p><span style=\"font-size: 14pt;\">O dia continua com o c\u00e9u nublado e carregado e a previs\u00e3o \u00e9 que permane\u00e7a assim com outras pancadas de chuvas sobre a cidade. Chuva que chega novamente para amenizar o clima e ainda regar a terra e recuperar os mananciais uma vez que o n\u00edvel do c\u00f3rrego S\u00e3o Francisco que corta a cidade continua com n\u00edvel muito baixo.<\/span><\/p>\n<p><a href=\"http:\/\/www.portalmantena.com.br\/novo\/wp-content\/uploads\/2017\/03\/no090317chuva2.jpg\"><img loading=\"lazy\" class=\"alignnone size-full wp-image-2452\" src=\"http:\/\/www.portalmantena.com.br\/novo\/wp-content\/uploads\/2017\/03\/no090317chuva2.jpg\" alt=\"\" width=\"700\" height=\"450\" srcset=\"http:\/\/www.portalmantena.com.br\/novo\/wp-content\/uploads\/2017\/03\/no090317chuva2.jpg 700w, http:\/\/www.portalmantena.com.br\/novo\/wp-content\/uploads\/2017\/03\/no090317chuva2-300x193.jpg 300w, http:\/\/www.portalmantena.com.br\/novo\/wp-content\/uploads\/2017\/03\/no090317chuva2-696x447.jpg 696w, http:\/\/www.portalmantena.com.br\/novo\/wp-content\/uploads\/2017\/03\/no090317chuva2-653x420.jpg 653w\" sizes=\"(max-width: 700px) 100vw, 700px\" \/><\/a><\/p>\n","protected":false},"excerpt":{"rendered":"<p>Ap\u00f3s 14 dias de estiagem, uma aben\u00e7oada chuva caiu sobre Mantena e regi\u00e3o na manh\u00e3 desta quinta-feira dia 09 de mar\u00e7o. Logo bem cedo, no momento em que o trabalhador mantenense sa\u00eda para mais um dia de trabalho, a chuva veio sobre a cidade amenizando dias de muito calor e a temperatura em m\u00e9dia atingindo [&hellip;]<\/p>\n","protected":false},"author":1,"featured_media":2451,"comment_status":"open","ping_status":"open","sticky":false,"template":"","format":"standard","meta":[],"categories":[36,12,11],"tags":[],"_links":{"self":[{"href":"http:\/\/www.portalmantena.com.br\/novo\/index.php?rest_route=\/wp\/v2\/posts\/2450"}],"collection":[{"href":"http:\/\/www.portalmantena.com.br\/novo\/index.php?rest_route=\/wp\/v2\/posts"}],"about":[{"href":"http:\/\/www.portalmantena.com.br\/novo\/index.php?rest_route=\/wp\/v2\/types\/post"}],"author":[{"embeddable":true,"href":"http:\/\/www.portalmantena.com.br\/novo\/index.php?rest_route=\/wp\/v2\/users\/1"}],"replies":[{"embeddable":true,"href":"http:\/\/www.portalmantena.com.br\/novo\/index.php?rest_route=%2Fwp%2Fv2%2Fcomments&post=2450"}],"version-history":[{"count":2,"href":"http:\/\/www.portalmantena.com.br\/novo\/index.php?rest_route=\/wp\/v2\/posts\/2450\/revisions"}],"predecessor-version":[{"id":2475,"href":"http:\/\/www.portalmantena.com.br\/novo\/index.php?rest_route=\/wp\/v2\/posts\/2450\/revisions\/2475"}],"wp:featuredmedia":[{"embeddable":true,"href":"http:\/\/www.portalmantena.com.br\/novo\/index.php?rest_route=\/wp\/v2\/media\/2451"}],"wp:attachment":[{"href":"http:\/\/www.portalmantena.com.br\/novo\/index.php?rest_route=%2Fwp%2Fv2%2Fmedia&parent=2450"}],"wp:term":[{"taxonomy":"category","embeddable":true,"href":"http:\/\/www.portalmantena.com.br\/novo\/index.php?rest_route=%2Fwp%2Fv2%2Fcategories&post=2450"},{"taxonomy":"post_tag","embeddable":true,"href":"http:\/\/www.portalmantena.com.br\/novo\/index.php?rest_route=%2Fwp%2Fv2%2Ftags&post=2450"}],"curies":[{"name":"wp","href":"https:\/\/api.w.org\/{rel}","templated":true}]}}