{"id":24499,"date":"2018-02-26T20:41:20","date_gmt":"2018-02-26T23:41:20","guid":{"rendered":"http:\/\/www.portalmantena.com.br\/novo\/?p=24499"},"modified":"2018-02-26T15:53:23","modified_gmt":"2018-02-26T18:53:23","slug":"pm-e-comsep-iniciam-projeto-de-video-monitoramento-em-mantena","status":"publish","type":"post","link":"http:\/\/www.portalmantena.com.br\/novo\/?p=24499","title":{"rendered":"PM e COMSEP iniciam projeto de v\u00eddeo monitoramento em Mantena"},"content":{"rendered":"<p><a href=\"http:\/\/www.portalmantena.com.br\/novo\/wp-content\/uploads\/2018\/02\/no260218cameras1.jpg\"><img loading=\"lazy\" class=\"alignnone size-full wp-image-24500\" src=\"http:\/\/www.portalmantena.com.br\/novo\/wp-content\/uploads\/2018\/02\/no260218cameras1.jpg\" alt=\"\" width=\"700\" height=\"450\" srcset=\"http:\/\/www.portalmantena.com.br\/novo\/wp-content\/uploads\/2018\/02\/no260218cameras1.jpg 700w, http:\/\/www.portalmantena.com.br\/novo\/wp-content\/uploads\/2018\/02\/no260218cameras1-300x193.jpg 300w, http:\/\/www.portalmantena.com.br\/novo\/wp-content\/uploads\/2018\/02\/no260218cameras1-696x447.jpg 696w, http:\/\/www.portalmantena.com.br\/novo\/wp-content\/uploads\/2018\/02\/no260218cameras1-653x420.jpg 653w\" sizes=\"(max-width: 700px) 100vw, 700px\" \/><\/a><\/p>\n<p><span style=\"font-size: 14pt;\">O Subcomandante da 18a Cia PM Independente de Mantena, 1\u00b0 Tenente Ilismar se reuniu com o presidente do COMSEP Sr. Nilton Fialho e com o propriet\u00e1rio da empresa J F Consultoria em Seguran\u00e7a Eletr\u00f4nica, Sr. Jeferson Fabrete para dar in\u00edcio a um projeto que \u00e9 sonhado por todos os mantenenses. <\/span><\/p>\n<p><span style=\"font-size: 14pt;\">Trata-se da elabora\u00e7\u00e3o do projeto de v\u00eddeo monitoramento para a cidade de Mantena. <\/span><\/p>\n<p><span style=\"font-size: 14pt;\">Ap\u00f3s a reuni\u00e3o na Sede da 18a Cia PM Independente o Subtenente Wender e o Sr. Nilton, presidente do COMSEP &#8211; Conselho Municipal de Seguran\u00e7a P\u00fablica acompanharam o Sr. Jeferson na atividade de mapeamento dos pontos estrat\u00e9gicos para a instala\u00e7\u00e3o de c\u00e2meras de v\u00eddeo monitoramento. <\/span><\/p>\n<p><span style=\"font-size: 14pt;\">Foram priorizadas todas as entradas\/ sa\u00eddas de Mantena e outros locais onde ocorre a incid\u00eancia de crimes. <\/span><\/p>\n<p><span style=\"font-size: 14pt;\">A Comandante da 18a CIA Independente, Major Carla disse que com o envolvimento de todos esse sonho ser\u00e1 uma realidade, assim como aconteceu com a eleva\u00e7\u00e3o da CIA; a Comandante salientou que quando trabalham unidos os poderes executivo, legislativo e judici\u00e1rio a realidade \u00e9 outra: \u00f3tima qualidade de vida para todos. <\/span><\/p>\n<p><span style=\"font-size: 14pt;\">Em breve haver\u00e1 novas reuni\u00f5es com Ju\u00edzes, Promotores, Prefeito e outras lideran\u00e7as para avaliar a real possibilidade de execu\u00e7\u00e3o do projeto. <\/span><\/p>\n<p><span style=\"font-size: 14pt;\">O Subcomandante da Cia PM, 1\u00b0 Tenente Ilismar finalizou os trabalhos na quinta feira dia 22 de fevereiro com uma frase impactante: &#8220;A Seguran\u00e7a P\u00fablica em Mantena ter\u00e1 um diferencial: o antes e o depois do v\u00eddeo monitoramento. (fonte\/foto:PM).<\/span><\/p>\n<p><a href=\"http:\/\/www.portalmantena.com.br\/novo\/wp-content\/uploads\/2018\/02\/no260218cameras2.jpg\"><img loading=\"lazy\" class=\"alignnone size-full wp-image-24501\" src=\"http:\/\/www.portalmantena.com.br\/novo\/wp-content\/uploads\/2018\/02\/no260218cameras2.jpg\" alt=\"\" width=\"700\" height=\"450\" srcset=\"http:\/\/www.portalmantena.com.br\/novo\/wp-content\/uploads\/2018\/02\/no260218cameras2.jpg 700w, http:\/\/www.portalmantena.com.br\/novo\/wp-content\/uploads\/2018\/02\/no260218cameras2-300x193.jpg 300w, http:\/\/www.portalmantena.com.br\/novo\/wp-content\/uploads\/2018\/02\/no260218cameras2-696x447.jpg 696w, http:\/\/www.portalmantena.com.br\/novo\/wp-content\/uploads\/2018\/02\/no260218cameras2-653x420.jpg 653w\" sizes=\"(max-width: 700px) 100vw, 700px\" \/><\/a> <a href=\"http:\/\/www.portalmantena.com.br\/novo\/wp-content\/uploads\/2018\/02\/no260218cameras3.jpg\"><img loading=\"lazy\" class=\"alignnone size-full wp-image-24502\" src=\"http:\/\/www.portalmantena.com.br\/novo\/wp-content\/uploads\/2018\/02\/no260218cameras3.jpg\" alt=\"\" width=\"700\" height=\"450\" srcset=\"http:\/\/www.portalmantena.com.br\/novo\/wp-content\/uploads\/2018\/02\/no260218cameras3.jpg 700w, http:\/\/www.portalmantena.com.br\/novo\/wp-content\/uploads\/2018\/02\/no260218cameras3-300x193.jpg 300w, http:\/\/www.portalmantena.com.br\/novo\/wp-content\/uploads\/2018\/02\/no260218cameras3-696x447.jpg 696w, http:\/\/www.portalmantena.com.br\/novo\/wp-content\/uploads\/2018\/02\/no260218cameras3-653x420.jpg 653w\" sizes=\"(max-width: 700px) 100vw, 700px\" \/><\/a> <a href=\"http:\/\/www.portalmantena.com.br\/novo\/wp-content\/uploads\/2018\/02\/no260218cameras4.jpg\"><img loading=\"lazy\" class=\"alignnone size-full wp-image-24503\" src=\"http:\/\/www.portalmantena.com.br\/novo\/wp-content\/uploads\/2018\/02\/no260218cameras4.jpg\" alt=\"\" width=\"700\" height=\"450\" srcset=\"http:\/\/www.portalmantena.com.br\/novo\/wp-content\/uploads\/2018\/02\/no260218cameras4.jpg 700w, http:\/\/www.portalmantena.com.br\/novo\/wp-content\/uploads\/2018\/02\/no260218cameras4-300x193.jpg 300w, http:\/\/www.portalmantena.com.br\/novo\/wp-content\/uploads\/2018\/02\/no260218cameras4-696x447.jpg 696w, http:\/\/www.portalmantena.com.br\/novo\/wp-content\/uploads\/2018\/02\/no260218cameras4-653x420.jpg 653w\" sizes=\"(max-width: 700px) 100vw, 700px\" \/><\/a> <a href=\"http:\/\/www.portalmantena.com.br\/novo\/wp-content\/uploads\/2018\/02\/no260218cameras5.jpg\"><img loading=\"lazy\" class=\"alignnone size-full wp-image-24504\" src=\"http:\/\/www.portalmantena.com.br\/novo\/wp-content\/uploads\/2018\/02\/no260218cameras5.jpg\" alt=\"\" width=\"700\" height=\"450\" srcset=\"http:\/\/www.portalmantena.com.br\/novo\/wp-content\/uploads\/2018\/02\/no260218cameras5.jpg 700w, http:\/\/www.portalmantena.com.br\/novo\/wp-content\/uploads\/2018\/02\/no260218cameras5-300x193.jpg 300w, http:\/\/www.portalmantena.com.br\/novo\/wp-content\/uploads\/2018\/02\/no260218cameras5-696x447.jpg 696w, http:\/\/www.portalmantena.com.br\/novo\/wp-content\/uploads\/2018\/02\/no260218cameras5-653x420.jpg 653w\" sizes=\"(max-width: 700px) 100vw, 700px\" \/><\/a> <a href=\"http:\/\/www.portalmantena.com.br\/novo\/wp-content\/uploads\/2018\/02\/no260218cameras6.jpg\"><img loading=\"lazy\" class=\"alignnone size-full wp-image-24505\" src=\"http:\/\/www.portalmantena.com.br\/novo\/wp-content\/uploads\/2018\/02\/no260218cameras6.jpg\" alt=\"\" width=\"700\" height=\"450\" srcset=\"http:\/\/www.portalmantena.com.br\/novo\/wp-content\/uploads\/2018\/02\/no260218cameras6.jpg 700w, http:\/\/www.portalmantena.com.br\/novo\/wp-content\/uploads\/2018\/02\/no260218cameras6-300x193.jpg 300w, http:\/\/www.portalmantena.com.br\/novo\/wp-content\/uploads\/2018\/02\/no260218cameras6-696x447.jpg 696w, http:\/\/www.portalmantena.com.br\/novo\/wp-content\/uploads\/2018\/02\/no260218cameras6-653x420.jpg 653w\" sizes=\"(max-width: 700px) 100vw, 700px\" \/><\/a> <a href=\"http:\/\/www.portalmantena.com.br\/novo\/wp-content\/uploads\/2018\/02\/no260218cameras7.jpg\"><img loading=\"lazy\" class=\"alignnone size-full wp-image-24506\" src=\"http:\/\/www.portalmantena.com.br\/novo\/wp-content\/uploads\/2018\/02\/no260218cameras7.jpg\" alt=\"\" width=\"700\" height=\"450\" srcset=\"http:\/\/www.portalmantena.com.br\/novo\/wp-content\/uploads\/2018\/02\/no260218cameras7.jpg 700w, http:\/\/www.portalmantena.com.br\/novo\/wp-content\/uploads\/2018\/02\/no260218cameras7-300x193.jpg 300w, http:\/\/www.portalmantena.com.br\/novo\/wp-content\/uploads\/2018\/02\/no260218cameras7-696x447.jpg 696w, http:\/\/www.portalmantena.com.br\/novo\/wp-content\/uploads\/2018\/02\/no260218cameras7-653x420.jpg 653w\" sizes=\"(max-width: 700px) 100vw, 700px\" \/><\/a><\/p>\n","protected":false},"excerpt":{"rendered":"<p>O Subcomandante da 18a Cia PM Independente de Mantena, 1\u00b0 Tenente Ilismar se reuniu com o presidente do COMSEP Sr. Nilton Fialho e com o propriet\u00e1rio da empresa J F Consultoria em Seguran\u00e7a Eletr\u00f4nica, Sr. Jeferson Fabrete para dar in\u00edcio a um projeto que \u00e9 sonhado por todos os mantenenses. Trata-se da elabora\u00e7\u00e3o do projeto [&hellip;]<\/p>\n","protected":false},"author":1,"featured_media":24500,"comment_status":"open","ping_status":"open","sticky":false,"template":"","format":"standard","meta":[],"categories":[36,11],"tags":[],"_links":{"self":[{"href":"http:\/\/www.portalmantena.com.br\/novo\/index.php?rest_route=\/wp\/v2\/posts\/24499"}],"collection":[{"href":"http:\/\/www.portalmantena.com.br\/novo\/index.php?rest_route=\/wp\/v2\/posts"}],"about":[{"href":"http:\/\/www.portalmantena.com.br\/novo\/index.php?rest_route=\/wp\/v2\/types\/post"}],"author":[{"embeddable":true,"href":"http:\/\/www.portalmantena.com.br\/novo\/index.php?rest_route=\/wp\/v2\/users\/1"}],"replies":[{"embeddable":true,"href":"http:\/\/www.portalmantena.com.br\/novo\/index.php?rest_route=%2Fwp%2Fv2%2Fcomments&post=24499"}],"version-history":[{"count":1,"href":"http:\/\/www.portalmantena.com.br\/novo\/index.php?rest_route=\/wp\/v2\/posts\/24499\/revisions"}],"predecessor-version":[{"id":24507,"href":"http:\/\/www.portalmantena.com.br\/novo\/index.php?rest_route=\/wp\/v2\/posts\/24499\/revisions\/24507"}],"wp:featuredmedia":[{"embeddable":true,"href":"http:\/\/www.portalmantena.com.br\/novo\/index.php?rest_route=\/wp\/v2\/media\/24500"}],"wp:attachment":[{"href":"http:\/\/www.portalmantena.com.br\/novo\/index.php?rest_route=%2Fwp%2Fv2%2Fmedia&parent=24499"}],"wp:term":[{"taxonomy":"category","embeddable":true,"href":"http:\/\/www.portalmantena.com.br\/novo\/index.php?rest_route=%2Fwp%2Fv2%2Fcategories&post=24499"},{"taxonomy":"post_tag","embeddable":true,"href":"http:\/\/www.portalmantena.com.br\/novo\/index.php?rest_route=%2Fwp%2Fv2%2Ftags&post=24499"}],"curies":[{"name":"wp","href":"https:\/\/api.w.org\/{rel}","templated":true}]}}