{"id":24493,"date":"2018-02-26T15:31:48","date_gmt":"2018-02-26T18:31:48","guid":{"rendered":"http:\/\/www.portalmantena.com.br\/novo\/?p=24493"},"modified":"2018-02-26T15:34:59","modified_gmt":"2018-02-26T18:34:59","slug":"acusado-de-cometer-triplo-homicidio-e-preso-em-mantena","status":"publish","type":"post","link":"http:\/\/www.portalmantena.com.br\/novo\/?p=24493","title":{"rendered":"Acusado de cometer triplo homic\u00eddio \u00e9 preso em Mantena"},"content":{"rendered":"<p><a href=\"http:\/\/www.portalmantena.com.br\/novo\/wp-content\/uploads\/2018\/02\/no260218arma.jpg\"><img loading=\"lazy\" class=\"alignnone size-full wp-image-24494\" src=\"http:\/\/www.portalmantena.com.br\/novo\/wp-content\/uploads\/2018\/02\/no260218arma.jpg\" alt=\"\" width=\"700\" height=\"450\" srcset=\"http:\/\/www.portalmantena.com.br\/novo\/wp-content\/uploads\/2018\/02\/no260218arma.jpg 700w, http:\/\/www.portalmantena.com.br\/novo\/wp-content\/uploads\/2018\/02\/no260218arma-300x193.jpg 300w, http:\/\/www.portalmantena.com.br\/novo\/wp-content\/uploads\/2018\/02\/no260218arma-696x447.jpg 696w, http:\/\/www.portalmantena.com.br\/novo\/wp-content\/uploads\/2018\/02\/no260218arma-653x420.jpg 653w\" sizes=\"(max-width: 700px) 100vw, 700px\" \/><\/a><\/p>\n<p><span style=\"font-size: 14pt;\">Na manh\u00e3 desta segunda-feira, dia 26 de fevereiro, a Pol\u00edcia Militar em Mantena prendeu em flagrante um homem de 31 anos, natural da cidade de Volta Redonda\/RJ, que \u00e9 acusado de ser um dos autores de um \u201ctriplo homic\u00eddio\u201d executado na cidade capixaba de Pancas. <\/span><\/p>\n<p><span style=\"font-size: 14pt;\">O autor teria na sequencia ao homic\u00eddio fugido para Mantena, local em que foi capturado pelos militares da 18\u00aa Cia PM Ind. <\/span><\/p>\n<p><span style=\"font-size: 14pt;\">Na ocasi\u00e3o foi apreendido um rev\u00f3lver calibre 38 e o ve\u00edculo utilizado no crime. (fonte\/foto:PM).<\/span><\/p>\n","protected":false},"excerpt":{"rendered":"<p>Na manh\u00e3 desta segunda-feira, dia 26 de fevereiro, a Pol\u00edcia Militar em Mantena prendeu em flagrante um homem de 31 anos, natural da cidade de Volta Redonda\/RJ, que \u00e9 acusado de ser um dos autores de um \u201ctriplo homic\u00eddio\u201d executado na cidade capixaba de Pancas. O autor teria na sequencia ao homic\u00eddio fugido para Mantena, [&hellip;]<\/p>\n","protected":false},"author":1,"featured_media":24494,"comment_status":"open","ping_status":"open","sticky":false,"template":"","format":"standard","meta":[],"categories":[11,34],"tags":[],"_links":{"self":[{"href":"http:\/\/www.portalmantena.com.br\/novo\/index.php?rest_route=\/wp\/v2\/posts\/24493"}],"collection":[{"href":"http:\/\/www.portalmantena.com.br\/novo\/index.php?rest_route=\/wp\/v2\/posts"}],"about":[{"href":"http:\/\/www.portalmantena.com.br\/novo\/index.php?rest_route=\/wp\/v2\/types\/post"}],"author":[{"embeddable":true,"href":"http:\/\/www.portalmantena.com.br\/novo\/index.php?rest_route=\/wp\/v2\/users\/1"}],"replies":[{"embeddable":true,"href":"http:\/\/www.portalmantena.com.br\/novo\/index.php?rest_route=%2Fwp%2Fv2%2Fcomments&post=24493"}],"version-history":[{"count":2,"href":"http:\/\/www.portalmantena.com.br\/novo\/index.php?rest_route=\/wp\/v2\/posts\/24493\/revisions"}],"predecessor-version":[{"id":24496,"href":"http:\/\/www.portalmantena.com.br\/novo\/index.php?rest_route=\/wp\/v2\/posts\/24493\/revisions\/24496"}],"wp:featuredmedia":[{"embeddable":true,"href":"http:\/\/www.portalmantena.com.br\/novo\/index.php?rest_route=\/wp\/v2\/media\/24494"}],"wp:attachment":[{"href":"http:\/\/www.portalmantena.com.br\/novo\/index.php?rest_route=%2Fwp%2Fv2%2Fmedia&parent=24493"}],"wp:term":[{"taxonomy":"category","embeddable":true,"href":"http:\/\/www.portalmantena.com.br\/novo\/index.php?rest_route=%2Fwp%2Fv2%2Fcategories&post=24493"},{"taxonomy":"post_tag","embeddable":true,"href":"http:\/\/www.portalmantena.com.br\/novo\/index.php?rest_route=%2Fwp%2Fv2%2Ftags&post=24493"}],"curies":[{"name":"wp","href":"https:\/\/api.w.org\/{rel}","templated":true}]}}