{"id":24488,"date":"2018-02-27T05:15:26","date_gmt":"2018-02-27T08:15:26","guid":{"rendered":"http:\/\/www.portalmantena.com.br\/novo\/?p=24488"},"modified":"2018-02-26T15:23:44","modified_gmt":"2018-02-26T18:23:44","slug":"pm-de-mantena-de-olho-no-transito-a-porta-das-escolas","status":"publish","type":"post","link":"http:\/\/www.portalmantena.com.br\/novo\/?p=24488","title":{"rendered":"PM de Mantena de olho no tr\u00e2nsito \u00e0 porta das escolas"},"content":{"rendered":"<p><a href=\"http:\/\/www.portalmantena.com.br\/novo\/wp-content\/uploads\/2018\/02\/no260218faixa3.jpg\"><img loading=\"lazy\" class=\"alignnone size-full wp-image-24491\" src=\"http:\/\/www.portalmantena.com.br\/novo\/wp-content\/uploads\/2018\/02\/no260218faixa3.jpg\" alt=\"\" width=\"700\" height=\"450\" srcset=\"http:\/\/www.portalmantena.com.br\/novo\/wp-content\/uploads\/2018\/02\/no260218faixa3.jpg 700w, http:\/\/www.portalmantena.com.br\/novo\/wp-content\/uploads\/2018\/02\/no260218faixa3-300x193.jpg 300w, http:\/\/www.portalmantena.com.br\/novo\/wp-content\/uploads\/2018\/02\/no260218faixa3-696x447.jpg 696w, http:\/\/www.portalmantena.com.br\/novo\/wp-content\/uploads\/2018\/02\/no260218faixa3-653x420.jpg 653w\" sizes=\"(max-width: 700px) 100vw, 700px\" \/><\/a><\/p>\n<p><span style=\"font-size: 14pt;\">Em virtude das mudan\u00e7as que ocorreram no in\u00edcio desse ano letivo em Mantena, principalmente em rela\u00e7\u00e3o ao transporte escolar, a 18\u00aa CIA PM IND em parceria com a Secretaria Municipal de Educa\u00e7\u00e3o iniciou a\u00e7\u00f5es que ir\u00e3o somar na seguran\u00e7a da comunidade escolar. <\/span><\/p>\n<p><span style=\"font-size: 14pt;\">A Pol\u00edcia Militar orienta aos pais que acompanhem ou oriente os filhos a ter total aten\u00e7\u00e3o ao atravessar as ruas, mesmo nas faixas para pedestres. <\/span><\/p>\n<p><span style=\"font-size: 14pt;\">Destaca tamb\u00e9m que os respons\u00e1veis n\u00e3o\u00a0devem parar do outro lado da rua, em ve\u00edculos ou a p\u00e9 e chamar a crian\u00e7a para atravessar; o correto \u00e9 o adulto atravessar e buscar a crian\u00e7a na cal\u00e7ada da escola ao t\u00e9rmino das aulas. <\/span><\/p>\n<p><span style=\"font-size: 14pt;\">A mesma orienta\u00e7\u00e3o \u00e9 saud\u00e1vel para o transporte escolar. Os condutores, de modo geral, devem agir como pais e empregar velocidade adequada em todas as vias, com aten\u00e7\u00e3o redobrada nas proximidades das escolas.(fonte\/foto:PM).<\/span><\/p>\n<p><a href=\"http:\/\/www.portalmantena.com.br\/novo\/wp-content\/uploads\/2018\/02\/no260218faixa2.jpg\"><img loading=\"lazy\" class=\"alignnone size-full wp-image-24490\" src=\"http:\/\/www.portalmantena.com.br\/novo\/wp-content\/uploads\/2018\/02\/no260218faixa2.jpg\" alt=\"\" width=\"700\" height=\"450\" srcset=\"http:\/\/www.portalmantena.com.br\/novo\/wp-content\/uploads\/2018\/02\/no260218faixa2.jpg 700w, http:\/\/www.portalmantena.com.br\/novo\/wp-content\/uploads\/2018\/02\/no260218faixa2-300x193.jpg 300w, http:\/\/www.portalmantena.com.br\/novo\/wp-content\/uploads\/2018\/02\/no260218faixa2-696x447.jpg 696w, http:\/\/www.portalmantena.com.br\/novo\/wp-content\/uploads\/2018\/02\/no260218faixa2-653x420.jpg 653w\" sizes=\"(max-width: 700px) 100vw, 700px\" \/><\/a><a href=\"http:\/\/www.portalmantena.com.br\/novo\/wp-content\/uploads\/2018\/02\/no260218faixa1.jpg\"><img loading=\"lazy\" class=\"alignnone size-full wp-image-24489\" src=\"http:\/\/www.portalmantena.com.br\/novo\/wp-content\/uploads\/2018\/02\/no260218faixa1.jpg\" alt=\"\" width=\"700\" height=\"450\" srcset=\"http:\/\/www.portalmantena.com.br\/novo\/wp-content\/uploads\/2018\/02\/no260218faixa1.jpg 700w, http:\/\/www.portalmantena.com.br\/novo\/wp-content\/uploads\/2018\/02\/no260218faixa1-300x193.jpg 300w, http:\/\/www.portalmantena.com.br\/novo\/wp-content\/uploads\/2018\/02\/no260218faixa1-696x447.jpg 696w, http:\/\/www.portalmantena.com.br\/novo\/wp-content\/uploads\/2018\/02\/no260218faixa1-653x420.jpg 653w\" sizes=\"(max-width: 700px) 100vw, 700px\" \/><\/a><\/p>\n","protected":false},"excerpt":{"rendered":"<p>Em virtude das mudan\u00e7as que ocorreram no in\u00edcio desse ano letivo em Mantena, principalmente em rela\u00e7\u00e3o ao transporte escolar, a 18\u00aa CIA PM IND em parceria com a Secretaria Municipal de Educa\u00e7\u00e3o iniciou a\u00e7\u00f5es que ir\u00e3o somar na seguran\u00e7a da comunidade escolar. A Pol\u00edcia Militar orienta aos pais que acompanhem ou oriente os filhos a [&hellip;]<\/p>\n","protected":false},"author":1,"featured_media":24491,"comment_status":"open","ping_status":"open","sticky":false,"template":"","format":"standard","meta":[],"categories":[36,11],"tags":[],"_links":{"self":[{"href":"http:\/\/www.portalmantena.com.br\/novo\/index.php?rest_route=\/wp\/v2\/posts\/24488"}],"collection":[{"href":"http:\/\/www.portalmantena.com.br\/novo\/index.php?rest_route=\/wp\/v2\/posts"}],"about":[{"href":"http:\/\/www.portalmantena.com.br\/novo\/index.php?rest_route=\/wp\/v2\/types\/post"}],"author":[{"embeddable":true,"href":"http:\/\/www.portalmantena.com.br\/novo\/index.php?rest_route=\/wp\/v2\/users\/1"}],"replies":[{"embeddable":true,"href":"http:\/\/www.portalmantena.com.br\/novo\/index.php?rest_route=%2Fwp%2Fv2%2Fcomments&post=24488"}],"version-history":[{"count":1,"href":"http:\/\/www.portalmantena.com.br\/novo\/index.php?rest_route=\/wp\/v2\/posts\/24488\/revisions"}],"predecessor-version":[{"id":24492,"href":"http:\/\/www.portalmantena.com.br\/novo\/index.php?rest_route=\/wp\/v2\/posts\/24488\/revisions\/24492"}],"wp:featuredmedia":[{"embeddable":true,"href":"http:\/\/www.portalmantena.com.br\/novo\/index.php?rest_route=\/wp\/v2\/media\/24491"}],"wp:attachment":[{"href":"http:\/\/www.portalmantena.com.br\/novo\/index.php?rest_route=%2Fwp%2Fv2%2Fmedia&parent=24488"}],"wp:term":[{"taxonomy":"category","embeddable":true,"href":"http:\/\/www.portalmantena.com.br\/novo\/index.php?rest_route=%2Fwp%2Fv2%2Fcategories&post=24488"},{"taxonomy":"post_tag","embeddable":true,"href":"http:\/\/www.portalmantena.com.br\/novo\/index.php?rest_route=%2Fwp%2Fv2%2Ftags&post=24488"}],"curies":[{"name":"wp","href":"https:\/\/api.w.org\/{rel}","templated":true}]}}