{"id":24485,"date":"2018-02-26T19:09:59","date_gmt":"2018-02-26T22:09:59","guid":{"rendered":"http:\/\/www.portalmantena.com.br\/novo\/?p=24485"},"modified":"2018-02-26T15:15:19","modified_gmt":"2018-02-26T18:15:19","slug":"atencao-vai-comecar-o-pre-vestibular-do-colegio-batista","status":"publish","type":"post","link":"http:\/\/www.portalmantena.com.br\/novo\/?p=24485","title":{"rendered":"Aten\u00e7\u00e3o, vai come\u00e7ar o pr\u00e9 vestibular do Col\u00e9gio Batista"},"content":{"rendered":"<p><a href=\"http:\/\/www.portalmantena.com.br\/novo\/wp-content\/uploads\/2018\/02\/no260218escola.jpg\"><img loading=\"lazy\" class=\"alignnone size-full wp-image-24486\" src=\"http:\/\/www.portalmantena.com.br\/novo\/wp-content\/uploads\/2018\/02\/no260218escola.jpg\" alt=\"\" width=\"700\" height=\"450\" srcset=\"http:\/\/www.portalmantena.com.br\/novo\/wp-content\/uploads\/2018\/02\/no260218escola.jpg 700w, http:\/\/www.portalmantena.com.br\/novo\/wp-content\/uploads\/2018\/02\/no260218escola-300x193.jpg 300w, http:\/\/www.portalmantena.com.br\/novo\/wp-content\/uploads\/2018\/02\/no260218escola-696x447.jpg 696w, http:\/\/www.portalmantena.com.br\/novo\/wp-content\/uploads\/2018\/02\/no260218escola-653x420.jpg 653w\" sizes=\"(max-width: 700px) 100vw, 700px\" \/><\/a><\/p>\n<p><span style=\"font-size: 14pt;\">Vem ai mais uma edi\u00e7\u00e3o do Pr\u00e9-vestibular do Col\u00e9gio Batista de Mantena, uma institui\u00e7\u00e3o que al\u00e9m de levar educa\u00e7\u00e3o de excel\u00eancia vem auxiliando os alunos quando o assunto \u00e9 encarar o Vestibular. <\/span><\/p>\n<p><span style=\"font-size: 14pt;\">Com resultados mais que positivos em edi\u00e7\u00f5es anteriores, o pr\u00e9 vestibular 2018 j\u00e1 est\u00e1 com as inscri\u00e7\u00f5es abertas. <\/span><\/p>\n<p><span style=\"font-size: 14pt;\">Os interessados podem procurar a secretaria do Col\u00e9gio, situada \u00e0 avenida Get\u00falio Vargas 350, ou para obter outras informa\u00e7\u00f5es pelos telefones: (33) 3241-1279 ou 9 8851-9946. <\/span><\/p>\n<p><span style=\"font-size: 14pt;\">Se prepare bem, sem precisar sair da cidade, conhe\u00e7a este ensino de qualidade, adotando o sistema Objetivo.<\/span><\/p>\n","protected":false},"excerpt":{"rendered":"<p>Vem ai mais uma edi\u00e7\u00e3o do Pr\u00e9-vestibular do Col\u00e9gio Batista de Mantena, uma institui\u00e7\u00e3o que al\u00e9m de levar educa\u00e7\u00e3o de excel\u00eancia vem auxiliando os alunos quando o assunto \u00e9 encarar o Vestibular. Com resultados mais que positivos em edi\u00e7\u00f5es anteriores, o pr\u00e9 vestibular 2018 j\u00e1 est\u00e1 com as inscri\u00e7\u00f5es abertas. Os interessados podem procurar a [&hellip;]<\/p>\n","protected":false},"author":1,"featured_media":24486,"comment_status":"open","ping_status":"open","sticky":false,"template":"","format":"standard","meta":[],"categories":[36,12],"tags":[],"_links":{"self":[{"href":"http:\/\/www.portalmantena.com.br\/novo\/index.php?rest_route=\/wp\/v2\/posts\/24485"}],"collection":[{"href":"http:\/\/www.portalmantena.com.br\/novo\/index.php?rest_route=\/wp\/v2\/posts"}],"about":[{"href":"http:\/\/www.portalmantena.com.br\/novo\/index.php?rest_route=\/wp\/v2\/types\/post"}],"author":[{"embeddable":true,"href":"http:\/\/www.portalmantena.com.br\/novo\/index.php?rest_route=\/wp\/v2\/users\/1"}],"replies":[{"embeddable":true,"href":"http:\/\/www.portalmantena.com.br\/novo\/index.php?rest_route=%2Fwp%2Fv2%2Fcomments&post=24485"}],"version-history":[{"count":1,"href":"http:\/\/www.portalmantena.com.br\/novo\/index.php?rest_route=\/wp\/v2\/posts\/24485\/revisions"}],"predecessor-version":[{"id":24487,"href":"http:\/\/www.portalmantena.com.br\/novo\/index.php?rest_route=\/wp\/v2\/posts\/24485\/revisions\/24487"}],"wp:featuredmedia":[{"embeddable":true,"href":"http:\/\/www.portalmantena.com.br\/novo\/index.php?rest_route=\/wp\/v2\/media\/24486"}],"wp:attachment":[{"href":"http:\/\/www.portalmantena.com.br\/novo\/index.php?rest_route=%2Fwp%2Fv2%2Fmedia&parent=24485"}],"wp:term":[{"taxonomy":"category","embeddable":true,"href":"http:\/\/www.portalmantena.com.br\/novo\/index.php?rest_route=%2Fwp%2Fv2%2Fcategories&post=24485"},{"taxonomy":"post_tag","embeddable":true,"href":"http:\/\/www.portalmantena.com.br\/novo\/index.php?rest_route=%2Fwp%2Fv2%2Ftags&post=24485"}],"curies":[{"name":"wp","href":"https:\/\/api.w.org\/{rel}","templated":true}]}}