{"id":2441,"date":"2017-03-09T12:46:10","date_gmt":"2017-03-09T12:46:10","guid":{"rendered":"http:\/\/www.portalmantena.com.br\/novo\/?p=2441"},"modified":"2017-03-09T12:46:10","modified_gmt":"2017-03-09T12:46:10","slug":"eleicao-para-nova-diretoria-do-consep-hoje-em-mantena","status":"publish","type":"post","link":"http:\/\/www.portalmantena.com.br\/novo\/?p=2441","title":{"rendered":"Elei\u00e7\u00e3o para nova diretoria do CONSEP hoje em Mantena"},"content":{"rendered":"<p><a href=\"http:\/\/www.portalmantena.com.br\/novo\/wp-content\/uploads\/2017\/03\/no090317iconsep.jpg\"><img loading=\"lazy\" class=\"alignnone size-full wp-image-2442\" src=\"http:\/\/www.portalmantena.com.br\/novo\/wp-content\/uploads\/2017\/03\/no090317iconsep.jpg\" alt=\"\" width=\"700\" height=\"450\" srcset=\"http:\/\/www.portalmantena.com.br\/novo\/wp-content\/uploads\/2017\/03\/no090317iconsep.jpg 700w, http:\/\/www.portalmantena.com.br\/novo\/wp-content\/uploads\/2017\/03\/no090317iconsep-300x193.jpg 300w, http:\/\/www.portalmantena.com.br\/novo\/wp-content\/uploads\/2017\/03\/no090317iconsep-696x447.jpg 696w, http:\/\/www.portalmantena.com.br\/novo\/wp-content\/uploads\/2017\/03\/no090317iconsep-653x420.jpg 653w\" sizes=\"(max-width: 700px) 100vw, 700px\" \/><\/a><\/p>\n<p><span style=\"font-size: 14pt;\">Mantena realmente precisa de um Conselho Municipal de Seguran\u00e7a P\u00fablica atuante, e nesta quinta-feira dia 09 de mar\u00e7o, a partir das 19 horas na sede da C\u00e2mara Municipal de Mantena, acontecer\u00e1 uma Assembl\u00e9ia Geral com o objetivo de proceder a elei\u00e7\u00e3o da nova diretoria, bem como a elei\u00e7\u00e3o dos membros do Conselho Deliberativo e Conselho Fiscal. <\/span><\/p>\n<p><span style=\"font-size: 14pt;\">O CONSEP de Mantena \u00e9 uma entidade jur\u00eddica sem fins lucrativos, e tem sua sede \u00e0 rua S\u00e3o Francisco, 247 no centro de Mantena. <\/span><\/p>\n<p><span style=\"font-size: 14pt;\">Atualmente \u00e9 presidida pelo Sr. Vando Teixeira do Prado. Presidente que convoca todos os seus associados e todos os interessados para participar desta Assembl\u00e9ia importante, tanto para o CONSEP quanto para a pr\u00f3pria popula\u00e7\u00e3o mantenense, principal benefici\u00e1ria. Todas as pessoas que desejam o bem estar social da comunidade devem participar deste momento.<\/span><\/p>\n","protected":false},"excerpt":{"rendered":"<p>Mantena realmente precisa de um Conselho Municipal de Seguran\u00e7a P\u00fablica atuante, e nesta quinta-feira dia 09 de mar\u00e7o, a partir das 19 horas na sede da C\u00e2mara Municipal de Mantena, acontecer\u00e1 uma Assembl\u00e9ia Geral com o objetivo de proceder a elei\u00e7\u00e3o da nova diretoria, bem como a elei\u00e7\u00e3o dos membros do Conselho Deliberativo e Conselho [&hellip;]<\/p>\n","protected":false},"author":1,"featured_media":2442,"comment_status":"open","ping_status":"open","sticky":false,"template":"","format":"standard","meta":[],"categories":[36,11],"tags":[],"_links":{"self":[{"href":"http:\/\/www.portalmantena.com.br\/novo\/index.php?rest_route=\/wp\/v2\/posts\/2441"}],"collection":[{"href":"http:\/\/www.portalmantena.com.br\/novo\/index.php?rest_route=\/wp\/v2\/posts"}],"about":[{"href":"http:\/\/www.portalmantena.com.br\/novo\/index.php?rest_route=\/wp\/v2\/types\/post"}],"author":[{"embeddable":true,"href":"http:\/\/www.portalmantena.com.br\/novo\/index.php?rest_route=\/wp\/v2\/users\/1"}],"replies":[{"embeddable":true,"href":"http:\/\/www.portalmantena.com.br\/novo\/index.php?rest_route=%2Fwp%2Fv2%2Fcomments&post=2441"}],"version-history":[{"count":1,"href":"http:\/\/www.portalmantena.com.br\/novo\/index.php?rest_route=\/wp\/v2\/posts\/2441\/revisions"}],"predecessor-version":[{"id":2443,"href":"http:\/\/www.portalmantena.com.br\/novo\/index.php?rest_route=\/wp\/v2\/posts\/2441\/revisions\/2443"}],"wp:featuredmedia":[{"embeddable":true,"href":"http:\/\/www.portalmantena.com.br\/novo\/index.php?rest_route=\/wp\/v2\/media\/2442"}],"wp:attachment":[{"href":"http:\/\/www.portalmantena.com.br\/novo\/index.php?rest_route=%2Fwp%2Fv2%2Fmedia&parent=2441"}],"wp:term":[{"taxonomy":"category","embeddable":true,"href":"http:\/\/www.portalmantena.com.br\/novo\/index.php?rest_route=%2Fwp%2Fv2%2Fcategories&post=2441"},{"taxonomy":"post_tag","embeddable":true,"href":"http:\/\/www.portalmantena.com.br\/novo\/index.php?rest_route=%2Fwp%2Fv2%2Ftags&post=2441"}],"curies":[{"name":"wp","href":"https:\/\/api.w.org\/{rel}","templated":true}]}}