{"id":2438,"date":"2017-03-09T12:30:40","date_gmt":"2017-03-09T12:30:40","guid":{"rendered":"http:\/\/www.portalmantena.com.br\/novo\/?p=2438"},"modified":"2017-03-09T12:30:40","modified_gmt":"2017-03-09T12:30:40","slug":"participe-do-aniversario-de-53-anos-da-batista-central-em-mantena","status":"publish","type":"post","link":"http:\/\/www.portalmantena.com.br\/novo\/?p=2438","title":{"rendered":"Participe do anivers\u00e1rio de 53 anos da Batista Central em Mantena"},"content":{"rendered":"<p><a href=\"http:\/\/www.portalmantena.com.br\/novo\/wp-content\/uploads\/2017\/03\/no090317igreja.jpg\"><img loading=\"lazy\" class=\"alignnone size-full wp-image-2439\" src=\"http:\/\/www.portalmantena.com.br\/novo\/wp-content\/uploads\/2017\/03\/no090317igreja.jpg\" alt=\"\" width=\"700\" height=\"450\" srcset=\"http:\/\/www.portalmantena.com.br\/novo\/wp-content\/uploads\/2017\/03\/no090317igreja.jpg 700w, http:\/\/www.portalmantena.com.br\/novo\/wp-content\/uploads\/2017\/03\/no090317igreja-300x193.jpg 300w, http:\/\/www.portalmantena.com.br\/novo\/wp-content\/uploads\/2017\/03\/no090317igreja-696x447.jpg 696w, http:\/\/www.portalmantena.com.br\/novo\/wp-content\/uploads\/2017\/03\/no090317igreja-653x420.jpg 653w\" sizes=\"(max-width: 700px) 100vw, 700px\" \/><\/a><\/p>\n<p><span style=\"font-size: 14pt;\">No pr\u00f3ximo final de semana, s\u00e1bado (11), domingo (12) e segunda-feira dia 12 de mar\u00e7o, acontecem as atividades especiais em comemora\u00e7\u00e3o aos 53 anos da Igreja Batista Central em Mantena. Anos de conquistas e vit\u00f3rias permitidas por Deus, que ser\u00e3o festejados com uma programa\u00e7\u00e3o especial. <\/span><\/p>\n<p><span style=\"font-size: 14pt;\">As mensagens nestes dias de celebra\u00e7\u00e3o ser\u00e3o ministradas pelo pastor Victor Hugo, e o louvor ter\u00e1 a presen\u00e7a especial de Oseias, O semeador.<\/span><\/p>\n<p><span style=\"font-size: 14pt;\"> Participe voc\u00ea e sua fam\u00edlia deste momento de gratid\u00e3o a Deus por mais um ano de vida desta ag\u00eancia da prega\u00e7\u00e3o do evangelho em Mantena, lembrando que a igreja Batista Central est\u00e1 situada \u00e0 rua Cabo Le\u00f4ncio, 69 no centro da cidade.<\/span><\/p>\n","protected":false},"excerpt":{"rendered":"<p>No pr\u00f3ximo final de semana, s\u00e1bado (11), domingo (12) e segunda-feira dia 12 de mar\u00e7o, acontecem as atividades especiais em comemora\u00e7\u00e3o aos 53 anos da Igreja Batista Central em Mantena. Anos de conquistas e vit\u00f3rias permitidas por Deus, que ser\u00e3o festejados com uma programa\u00e7\u00e3o especial. As mensagens nestes dias de celebra\u00e7\u00e3o ser\u00e3o ministradas pelo pastor [&hellip;]<\/p>\n","protected":false},"author":1,"featured_media":2439,"comment_status":"open","ping_status":"open","sticky":false,"template":"","format":"standard","meta":[],"categories":[36,11],"tags":[],"_links":{"self":[{"href":"http:\/\/www.portalmantena.com.br\/novo\/index.php?rest_route=\/wp\/v2\/posts\/2438"}],"collection":[{"href":"http:\/\/www.portalmantena.com.br\/novo\/index.php?rest_route=\/wp\/v2\/posts"}],"about":[{"href":"http:\/\/www.portalmantena.com.br\/novo\/index.php?rest_route=\/wp\/v2\/types\/post"}],"author":[{"embeddable":true,"href":"http:\/\/www.portalmantena.com.br\/novo\/index.php?rest_route=\/wp\/v2\/users\/1"}],"replies":[{"embeddable":true,"href":"http:\/\/www.portalmantena.com.br\/novo\/index.php?rest_route=%2Fwp%2Fv2%2Fcomments&post=2438"}],"version-history":[{"count":1,"href":"http:\/\/www.portalmantena.com.br\/novo\/index.php?rest_route=\/wp\/v2\/posts\/2438\/revisions"}],"predecessor-version":[{"id":2440,"href":"http:\/\/www.portalmantena.com.br\/novo\/index.php?rest_route=\/wp\/v2\/posts\/2438\/revisions\/2440"}],"wp:featuredmedia":[{"embeddable":true,"href":"http:\/\/www.portalmantena.com.br\/novo\/index.php?rest_route=\/wp\/v2\/media\/2439"}],"wp:attachment":[{"href":"http:\/\/www.portalmantena.com.br\/novo\/index.php?rest_route=%2Fwp%2Fv2%2Fmedia&parent=2438"}],"wp:term":[{"taxonomy":"category","embeddable":true,"href":"http:\/\/www.portalmantena.com.br\/novo\/index.php?rest_route=%2Fwp%2Fv2%2Fcategories&post=2438"},{"taxonomy":"post_tag","embeddable":true,"href":"http:\/\/www.portalmantena.com.br\/novo\/index.php?rest_route=%2Fwp%2Fv2%2Ftags&post=2438"}],"curies":[{"name":"wp","href":"https:\/\/api.w.org\/{rel}","templated":true}]}}