{"id":228,"date":"2017-02-02T14:13:30","date_gmt":"2017-02-02T14:13:30","guid":{"rendered":"http:\/\/www.portalmantena.com.br\/novo\/?p=228"},"modified":"2017-02-02T14:13:30","modified_gmt":"2017-02-02T14:13:30","slug":"estados-unidos-mudam-regra-de-concessao-de-visto-para-brasileiros","status":"publish","type":"post","link":"http:\/\/www.portalmantena.com.br\/novo\/?p=228","title":{"rendered":"Estados unidos mudam regra de concess\u00e3o de visto para Brasileiros"},"content":{"rendered":"<p><a href=\"http:\/\/www.portalmantena.com.br\/novo\/wp-content\/uploads\/2017\/02\/news020217passa.jpg\"><img loading=\"lazy\" class=\"alignnone size-full wp-image-231\" src=\"http:\/\/www.portalmantena.com.br\/novo\/wp-content\/uploads\/2017\/02\/news020217passa.jpg\" alt=\"\" width=\"650\" height=\"420\" srcset=\"http:\/\/www.portalmantena.com.br\/novo\/wp-content\/uploads\/2017\/02\/news020217passa.jpg 650w, http:\/\/www.portalmantena.com.br\/novo\/wp-content\/uploads\/2017\/02\/news020217passa-300x194.jpg 300w\" sizes=\"(max-width: 650px) 100vw, 650px\" \/><\/a><\/p>\n<p><span style=\"font-size: 14pt;\">O decreto de controle imigrat\u00f3rio assinado pelo presidente dos Estados Unidos, Donald Trump, tamb\u00e9m trouxe mudan\u00e7as na concess\u00e3o do visto para brasileiros que quiserem viajar ao pa\u00eds.<\/span><\/p>\n<p><span style=\"font-size: 14pt;\">Segundo a assessoria de imprensa da Embaixada dos Estados Unidos em Bras\u00edlia, grupos que eram isentos da entrevista pessoal, agora ter\u00e3o de passar pelo procedimento. Com as novas regras, solicitantes que renovassem os vistos na mesma categoria, at\u00e9 48 meses ap\u00f3s o vencimento; brasileiros e argentinos, entre 14 e 15 anos, e entre 66 e 79 anos, que solicitavam vistos pela primeira vez, ter\u00e3o de fazer a entrevista.<\/span><\/p>\n<p><span style=\"font-size: 14pt;\">Antes, esses grupos eram isentos. As exce\u00e7\u00f5es s\u00e3o para pessoas com idade inferior a 14 anos ou superior a 79 anos e aqueles que anteriormente tinham um visto na mesma categoria e que expirou menos de 12 meses antes do novo pedido.<\/span><\/p>\n<p><span style=\"font-size: 14pt;\">A embaixada orienta aos solicitantes de vistos que revisem as altera\u00e7\u00f5es anunciadas no decreto presidencial, incluindo o programa de entrevista de visto, para saber se estas mudan\u00e7as afetar\u00e3o a categoria de visto.<\/span><\/p>\n<p><span style=\"font-size: 14pt;\">O decreto est\u00e1 dispon\u00edvel, em portugu\u00eas, na p\u00e1gina da Embaixada dos Estados Unidos no Brasil.<\/span><\/p>\n","protected":false},"excerpt":{"rendered":"<p>O decreto de controle imigrat\u00f3rio assinado pelo presidente dos Estados Unidos, Donald Trump, tamb\u00e9m trouxe mudan\u00e7as na concess\u00e3o do visto para brasileiros que quiserem viajar ao pa\u00eds. Segundo a assessoria de imprensa da Embaixada dos Estados Unidos em Bras\u00edlia, grupos que eram isentos da entrevista pessoal, agora ter\u00e3o de passar pelo procedimento. Com as novas [&hellip;]<\/p>\n","protected":false},"author":1,"featured_media":231,"comment_status":"open","ping_status":"open","sticky":false,"template":"","format":"standard","meta":[],"categories":[12,11],"tags":[],"_links":{"self":[{"href":"http:\/\/www.portalmantena.com.br\/novo\/index.php?rest_route=\/wp\/v2\/posts\/228"}],"collection":[{"href":"http:\/\/www.portalmantena.com.br\/novo\/index.php?rest_route=\/wp\/v2\/posts"}],"about":[{"href":"http:\/\/www.portalmantena.com.br\/novo\/index.php?rest_route=\/wp\/v2\/types\/post"}],"author":[{"embeddable":true,"href":"http:\/\/www.portalmantena.com.br\/novo\/index.php?rest_route=\/wp\/v2\/users\/1"}],"replies":[{"embeddable":true,"href":"http:\/\/www.portalmantena.com.br\/novo\/index.php?rest_route=%2Fwp%2Fv2%2Fcomments&post=228"}],"version-history":[{"count":1,"href":"http:\/\/www.portalmantena.com.br\/novo\/index.php?rest_route=\/wp\/v2\/posts\/228\/revisions"}],"predecessor-version":[{"id":232,"href":"http:\/\/www.portalmantena.com.br\/novo\/index.php?rest_route=\/wp\/v2\/posts\/228\/revisions\/232"}],"wp:featuredmedia":[{"embeddable":true,"href":"http:\/\/www.portalmantena.com.br\/novo\/index.php?rest_route=\/wp\/v2\/media\/231"}],"wp:attachment":[{"href":"http:\/\/www.portalmantena.com.br\/novo\/index.php?rest_route=%2Fwp%2Fv2%2Fmedia&parent=228"}],"wp:term":[{"taxonomy":"category","embeddable":true,"href":"http:\/\/www.portalmantena.com.br\/novo\/index.php?rest_route=%2Fwp%2Fv2%2Fcategories&post=228"},{"taxonomy":"post_tag","embeddable":true,"href":"http:\/\/www.portalmantena.com.br\/novo\/index.php?rest_route=%2Fwp%2Fv2%2Ftags&post=228"}],"curies":[{"name":"wp","href":"https:\/\/api.w.org\/{rel}","templated":true}]}}