{"id":2254,"date":"2017-03-06T19:52:24","date_gmt":"2017-03-06T19:52:24","guid":{"rendered":"http:\/\/www.portalmantena.com.br\/novo\/?p=2254"},"modified":"2017-03-06T19:52:24","modified_gmt":"2017-03-06T19:52:24","slug":"prefeito-de-valadares-decreta-situacao-emergencial-de-crise-financeira-no-municipio","status":"publish","type":"post","link":"http:\/\/www.portalmantena.com.br\/novo\/?p=2254","title":{"rendered":"Prefeito de Valadares decreta situa\u00e7\u00e3o emergencial de crise financeira no munic\u00edpio"},"content":{"rendered":"<p><span style=\"font-size: 14pt;\">O prefeito de Governador Valadares (MG), Andr\u00e9 Merlo (PSDB), decretou na manh\u00e3 desta segunda-feira (6) situa\u00e7\u00e3o emergencial de crise financeira no munic\u00edpio. <\/span><\/p>\n<p><span style=\"font-size: 14pt;\">De acordo com o prefeito, o munic\u00edpio tem uma d\u00edvida de R$ 348 milh\u00f5es, entre financiamentos, d\u00edvidas n\u00e3o pagas, consigna\u00e7\u00f5es, d\u00e9bitos do Servi\u00e7o Aut\u00f4nomo de \u00c1gua e Esgoto (SAAE) e outros.<\/span><\/p>\n<p><span style=\"font-size: 14pt;\">O decreto foi assinado ap\u00f3s uma apresenta\u00e7\u00e3o do balan\u00e7o financeiro do munic\u00edpio. Segundo o prefeito, Governador Valadares n\u00e3o tem dinheiro para quitar todas as d\u00edvidas imediatamente, e algumas medidas, como renegocia\u00e7\u00e3o de d\u00edvidas, ser\u00e3o tomadas para que os pagamentos sejam feitos.(fonte:g1)<\/span><\/p>\n","protected":false},"excerpt":{"rendered":"<p>O prefeito de Governador Valadares (MG), Andr\u00e9 Merlo (PSDB), decretou na manh\u00e3 desta segunda-feira (6) situa\u00e7\u00e3o emergencial de crise financeira no munic\u00edpio. De acordo com o prefeito, o munic\u00edpio tem uma d\u00edvida de R$ 348 milh\u00f5es, entre financiamentos, d\u00edvidas n\u00e3o pagas, consigna\u00e7\u00f5es, d\u00e9bitos do Servi\u00e7o Aut\u00f4nomo de \u00c1gua e Esgoto (SAAE) e outros. O decreto [&hellip;]<\/p>\n","protected":false},"author":1,"featured_media":0,"comment_status":"open","ping_status":"open","sticky":false,"template":"","format":"standard","meta":[],"categories":[24],"tags":[],"_links":{"self":[{"href":"http:\/\/www.portalmantena.com.br\/novo\/index.php?rest_route=\/wp\/v2\/posts\/2254"}],"collection":[{"href":"http:\/\/www.portalmantena.com.br\/novo\/index.php?rest_route=\/wp\/v2\/posts"}],"about":[{"href":"http:\/\/www.portalmantena.com.br\/novo\/index.php?rest_route=\/wp\/v2\/types\/post"}],"author":[{"embeddable":true,"href":"http:\/\/www.portalmantena.com.br\/novo\/index.php?rest_route=\/wp\/v2\/users\/1"}],"replies":[{"embeddable":true,"href":"http:\/\/www.portalmantena.com.br\/novo\/index.php?rest_route=%2Fwp%2Fv2%2Fcomments&post=2254"}],"version-history":[{"count":2,"href":"http:\/\/www.portalmantena.com.br\/novo\/index.php?rest_route=\/wp\/v2\/posts\/2254\/revisions"}],"predecessor-version":[{"id":2256,"href":"http:\/\/www.portalmantena.com.br\/novo\/index.php?rest_route=\/wp\/v2\/posts\/2254\/revisions\/2256"}],"wp:attachment":[{"href":"http:\/\/www.portalmantena.com.br\/novo\/index.php?rest_route=%2Fwp%2Fv2%2Fmedia&parent=2254"}],"wp:term":[{"taxonomy":"category","embeddable":true,"href":"http:\/\/www.portalmantena.com.br\/novo\/index.php?rest_route=%2Fwp%2Fv2%2Fcategories&post=2254"},{"taxonomy":"post_tag","embeddable":true,"href":"http:\/\/www.portalmantena.com.br\/novo\/index.php?rest_route=%2Fwp%2Fv2%2Ftags&post=2254"}],"curies":[{"name":"wp","href":"https:\/\/api.w.org\/{rel}","templated":true}]}}