{"id":222,"date":"2017-02-02T14:07:22","date_gmt":"2017-02-02T14:07:22","guid":{"rendered":"http:\/\/www.portalmantena.com.br\/novo\/?p=222"},"modified":"2017-02-02T14:07:22","modified_gmt":"2017-02-02T14:07:22","slug":"dona-maria-jose-comemorando-70-anos-de-vida","status":"publish","type":"post","link":"http:\/\/www.portalmantena.com.br\/novo\/?p=222","title":{"rendered":"Dona Maria Jos\u00e9 comemorando 70 anos de vida"},"content":{"rendered":"<p><a href=\"http:\/\/www.portalmantena.com.br\/novo\/wp-content\/uploads\/2017\/02\/vi310117dude6.jpg\"><img loading=\"lazy\" class=\"alignnone size-full wp-image-224\" src=\"http:\/\/www.portalmantena.com.br\/novo\/wp-content\/uploads\/2017\/02\/vi310117dude6.jpg\" alt=\"\" width=\"650\" height=\"420\" srcset=\"http:\/\/www.portalmantena.com.br\/novo\/wp-content\/uploads\/2017\/02\/vi310117dude6.jpg 650w, http:\/\/www.portalmantena.com.br\/novo\/wp-content\/uploads\/2017\/02\/vi310117dude6-300x194.jpg 300w\" sizes=\"(max-width: 650px) 100vw, 650px\" \/><\/a><\/p>\n<p><span style=\"font-size: 14pt;\">&gt;&gt;&gt;\u00a0A ilustre mantenense dona Maria Jos\u00e9 (Dud\u00e9), m\u00e3e dos conhecidos, Jaqueline Carvalho, Dr. Fabricio e Dr. Fernando completou 70 anos de vida esta semana. Momentos de alegria e confraterniza\u00e7\u00e3o recebendo familiares e amigos nesta data t\u00e3o especial, parab\u00e9ns.<\/span><\/p>\n","protected":false},"excerpt":{"rendered":"<p>&gt;&gt;&gt;\u00a0A ilustre mantenense dona Maria Jos\u00e9 (Dud\u00e9), m\u00e3e dos conhecidos, Jaqueline Carvalho, Dr. Fabricio e Dr. Fernando completou 70 anos de vida esta semana. Momentos de alegria e confraterniza\u00e7\u00e3o recebendo familiares e amigos nesta data t\u00e3o especial, parab\u00e9ns.<\/p>\n","protected":false},"author":1,"featured_media":224,"comment_status":"open","ping_status":"open","sticky":false,"template":"","format":"standard","meta":[],"categories":[7],"tags":[],"_links":{"self":[{"href":"http:\/\/www.portalmantena.com.br\/novo\/index.php?rest_route=\/wp\/v2\/posts\/222"}],"collection":[{"href":"http:\/\/www.portalmantena.com.br\/novo\/index.php?rest_route=\/wp\/v2\/posts"}],"about":[{"href":"http:\/\/www.portalmantena.com.br\/novo\/index.php?rest_route=\/wp\/v2\/types\/post"}],"author":[{"embeddable":true,"href":"http:\/\/www.portalmantena.com.br\/novo\/index.php?rest_route=\/wp\/v2\/users\/1"}],"replies":[{"embeddable":true,"href":"http:\/\/www.portalmantena.com.br\/novo\/index.php?rest_route=%2Fwp%2Fv2%2Fcomments&post=222"}],"version-history":[{"count":1,"href":"http:\/\/www.portalmantena.com.br\/novo\/index.php?rest_route=\/wp\/v2\/posts\/222\/revisions"}],"predecessor-version":[{"id":225,"href":"http:\/\/www.portalmantena.com.br\/novo\/index.php?rest_route=\/wp\/v2\/posts\/222\/revisions\/225"}],"wp:featuredmedia":[{"embeddable":true,"href":"http:\/\/www.portalmantena.com.br\/novo\/index.php?rest_route=\/wp\/v2\/media\/224"}],"wp:attachment":[{"href":"http:\/\/www.portalmantena.com.br\/novo\/index.php?rest_route=%2Fwp%2Fv2%2Fmedia&parent=222"}],"wp:term":[{"taxonomy":"category","embeddable":true,"href":"http:\/\/www.portalmantena.com.br\/novo\/index.php?rest_route=%2Fwp%2Fv2%2Fcategories&post=222"},{"taxonomy":"post_tag","embeddable":true,"href":"http:\/\/www.portalmantena.com.br\/novo\/index.php?rest_route=%2Fwp%2Fv2%2Ftags&post=222"}],"curies":[{"name":"wp","href":"https:\/\/api.w.org\/{rel}","templated":true}]}}