{"id":22197,"date":"2017-12-21T23:34:32","date_gmt":"2017-12-22T01:34:32","guid":{"rendered":"http:\/\/www.portalmantena.com.br\/novo\/?p=22197"},"modified":"2017-12-21T14:02:25","modified_gmt":"2017-12-21T16:02:25","slug":"ultimos-detalhes-para-o-musical-de-natal-da-pib","status":"publish","type":"post","link":"http:\/\/www.portalmantena.com.br\/novo\/?p=22197","title":{"rendered":"\u00daltimos detalhes para o Musical de NATAL da PIB"},"content":{"rendered":"<p><a href=\"http:\/\/www.portalmantena.com.br\/novo\/wp-content\/uploads\/2017\/12\/vi211217musical.jpg\"><img loading=\"lazy\" class=\"alignnone size-full wp-image-22198\" src=\"http:\/\/www.portalmantena.com.br\/novo\/wp-content\/uploads\/2017\/12\/vi211217musical.jpg\" alt=\"\" width=\"700\" height=\"450\" srcset=\"http:\/\/www.portalmantena.com.br\/novo\/wp-content\/uploads\/2017\/12\/vi211217musical.jpg 700w, http:\/\/www.portalmantena.com.br\/novo\/wp-content\/uploads\/2017\/12\/vi211217musical-300x193.jpg 300w, http:\/\/www.portalmantena.com.br\/novo\/wp-content\/uploads\/2017\/12\/vi211217musical-696x447.jpg 696w, http:\/\/www.portalmantena.com.br\/novo\/wp-content\/uploads\/2017\/12\/vi211217musical-653x420.jpg 653w\" sizes=\"(max-width: 700px) 100vw, 700px\" \/><\/a><\/p>\n<p><span style=\"font-size: 14pt;\">Quase tudo pronto para a realiza\u00e7\u00e3o de mais um belo musical de natal em Mantena pela Primeira Igreja Batista. <\/span><\/p>\n<p><span style=\"font-size: 14pt;\">O musical \u201cNoite de Esperan\u00e7a\u201d, ser\u00e1 apresentado neste domingo dia 24 e na segunda-feira dia 25 (Natal). <\/span><\/p>\n<p><span style=\"font-size: 14pt;\">Toda a comunidade mantenense est\u00e1 sendo convidada, e os \u00faltimos ajustes sendo feitos, ser\u00e3o sem d\u00favida noites aben\u00e7oadas.<\/span><\/p>\n<p><a href=\"http:\/\/www.portalmantena.com.br\/novo\/wp-content\/uploads\/2017\/12\/no191217natal.jpg\"><img loading=\"lazy\" class=\"alignnone size-full wp-image-22030\" src=\"http:\/\/www.portalmantena.com.br\/novo\/wp-content\/uploads\/2017\/12\/no191217natal.jpg\" alt=\"\" width=\"700\" height=\"450\" srcset=\"http:\/\/www.portalmantena.com.br\/novo\/wp-content\/uploads\/2017\/12\/no191217natal.jpg 700w, http:\/\/www.portalmantena.com.br\/novo\/wp-content\/uploads\/2017\/12\/no191217natal-300x193.jpg 300w, http:\/\/www.portalmantena.com.br\/novo\/wp-content\/uploads\/2017\/12\/no191217natal-696x447.jpg 696w, http:\/\/www.portalmantena.com.br\/novo\/wp-content\/uploads\/2017\/12\/no191217natal-653x420.jpg 653w\" sizes=\"(max-width: 700px) 100vw, 700px\" \/><\/a><\/p>\n<p>&nbsp;<\/p>\n","protected":false},"excerpt":{"rendered":"<p>Quase tudo pronto para a realiza\u00e7\u00e3o de mais um belo musical de natal em Mantena pela Primeira Igreja Batista. O musical \u201cNoite de Esperan\u00e7a\u201d, ser\u00e1 apresentado neste domingo dia 24 e na segunda-feira dia 25 (Natal). Toda a comunidade mantenense est\u00e1 sendo convidada, e os \u00faltimos ajustes sendo feitos, ser\u00e3o sem d\u00favida noites aben\u00e7oadas. &nbsp;<\/p>\n","protected":false},"author":1,"featured_media":22198,"comment_status":"open","ping_status":"open","sticky":false,"template":"","format":"standard","meta":[],"categories":[7],"tags":[],"_links":{"self":[{"href":"http:\/\/www.portalmantena.com.br\/novo\/index.php?rest_route=\/wp\/v2\/posts\/22197"}],"collection":[{"href":"http:\/\/www.portalmantena.com.br\/novo\/index.php?rest_route=\/wp\/v2\/posts"}],"about":[{"href":"http:\/\/www.portalmantena.com.br\/novo\/index.php?rest_route=\/wp\/v2\/types\/post"}],"author":[{"embeddable":true,"href":"http:\/\/www.portalmantena.com.br\/novo\/index.php?rest_route=\/wp\/v2\/users\/1"}],"replies":[{"embeddable":true,"href":"http:\/\/www.portalmantena.com.br\/novo\/index.php?rest_route=%2Fwp%2Fv2%2Fcomments&post=22197"}],"version-history":[{"count":1,"href":"http:\/\/www.portalmantena.com.br\/novo\/index.php?rest_route=\/wp\/v2\/posts\/22197\/revisions"}],"predecessor-version":[{"id":22199,"href":"http:\/\/www.portalmantena.com.br\/novo\/index.php?rest_route=\/wp\/v2\/posts\/22197\/revisions\/22199"}],"wp:featuredmedia":[{"embeddable":true,"href":"http:\/\/www.portalmantena.com.br\/novo\/index.php?rest_route=\/wp\/v2\/media\/22198"}],"wp:attachment":[{"href":"http:\/\/www.portalmantena.com.br\/novo\/index.php?rest_route=%2Fwp%2Fv2%2Fmedia&parent=22197"}],"wp:term":[{"taxonomy":"category","embeddable":true,"href":"http:\/\/www.portalmantena.com.br\/novo\/index.php?rest_route=%2Fwp%2Fv2%2Fcategories&post=22197"},{"taxonomy":"post_tag","embeddable":true,"href":"http:\/\/www.portalmantena.com.br\/novo\/index.php?rest_route=%2Fwp%2Fv2%2Ftags&post=22197"}],"curies":[{"name":"wp","href":"https:\/\/api.w.org\/{rel}","templated":true}]}}