{"id":22178,"date":"2017-12-21T13:19:01","date_gmt":"2017-12-21T15:19:01","guid":{"rendered":"http:\/\/www.portalmantena.com.br\/novo\/?p=22178"},"modified":"2017-12-21T13:19:01","modified_gmt":"2017-12-21T15:19:01","slug":"solenidade-marca-formatura-dos-alunos-do-ifes-em-sao-francisco","status":"publish","type":"post","link":"http:\/\/www.portalmantena.com.br\/novo\/?p=22178","title":{"rendered":"Solenidade marca formatura dos alunos do IFES em S\u00e3o Francisco"},"content":{"rendered":"<p><a href=\"http:\/\/www.portalmantena.com.br\/novo\/wp-content\/uploads\/2017\/12\/no211217formatura1.jpg\"><img loading=\"lazy\" class=\"alignnone size-full wp-image-22179\" src=\"http:\/\/www.portalmantena.com.br\/novo\/wp-content\/uploads\/2017\/12\/no211217formatura1.jpg\" alt=\"\" width=\"700\" height=\"450\" srcset=\"http:\/\/www.portalmantena.com.br\/novo\/wp-content\/uploads\/2017\/12\/no211217formatura1.jpg 700w, http:\/\/www.portalmantena.com.br\/novo\/wp-content\/uploads\/2017\/12\/no211217formatura1-300x193.jpg 300w, http:\/\/www.portalmantena.com.br\/novo\/wp-content\/uploads\/2017\/12\/no211217formatura1-696x447.jpg 696w, http:\/\/www.portalmantena.com.br\/novo\/wp-content\/uploads\/2017\/12\/no211217formatura1-653x420.jpg 653w\" sizes=\"(max-width: 700px) 100vw, 700px\" \/><\/a><\/p>\n<p><span style=\"font-size: 14pt;\">No \u00faltimo dia 15, vinte e seis alunos do Ifes campus Barra de S\u00e3o Francisco participaram da solenidade de formatura do curso T\u00e9cnico em Administra\u00e7\u00e3o. <\/span><\/p>\n<p><span style=\"font-size: 14pt;\">A cerim\u00f4nia aconteceu na C\u00e2mara de Vereadores de Barra de S\u00e3o Francisco e estiveram presentes familiares, servidores do Ifes e seus parceiros, como o prefeito Alencar Marim, a\u00a0Diretora da escola Jo\u00e3o Bastos,\u00a0Alessandra Andrade, Corpo de Bombeiros, al\u00e9m da comunidade em geral.\u00a0<\/span><\/p>\n<p><span style=\"font-size: 14pt;\">A cerim\u00f4nia foi marcada por muita emo\u00e7\u00e3o, dos formandos e demais presentes. Esta foi a quinta formatura realizada pelo campus, e pela primeira vez os alunos realizaram uma festa na escola Jo\u00e3o Bastos, para confraterniza\u00e7\u00e3o. (fonte\/foto:IFES\/BSF)<\/span><\/p>\n<p><a href=\"http:\/\/www.portalmantena.com.br\/novo\/wp-content\/uploads\/2017\/12\/no211217formatura2.jpg\"><img loading=\"lazy\" class=\"alignnone size-full wp-image-22180\" src=\"http:\/\/www.portalmantena.com.br\/novo\/wp-content\/uploads\/2017\/12\/no211217formatura2.jpg\" alt=\"\" width=\"700\" height=\"450\" srcset=\"http:\/\/www.portalmantena.com.br\/novo\/wp-content\/uploads\/2017\/12\/no211217formatura2.jpg 700w, http:\/\/www.portalmantena.com.br\/novo\/wp-content\/uploads\/2017\/12\/no211217formatura2-300x193.jpg 300w, http:\/\/www.portalmantena.com.br\/novo\/wp-content\/uploads\/2017\/12\/no211217formatura2-696x447.jpg 696w, http:\/\/www.portalmantena.com.br\/novo\/wp-content\/uploads\/2017\/12\/no211217formatura2-653x420.jpg 653w\" sizes=\"(max-width: 700px) 100vw, 700px\" \/><\/a> <a href=\"http:\/\/www.portalmantena.com.br\/novo\/wp-content\/uploads\/2017\/12\/no211217formatura3.jpg\"><img loading=\"lazy\" class=\"alignnone size-full wp-image-22181\" src=\"http:\/\/www.portalmantena.com.br\/novo\/wp-content\/uploads\/2017\/12\/no211217formatura3.jpg\" alt=\"\" width=\"700\" height=\"450\" srcset=\"http:\/\/www.portalmantena.com.br\/novo\/wp-content\/uploads\/2017\/12\/no211217formatura3.jpg 700w, http:\/\/www.portalmantena.com.br\/novo\/wp-content\/uploads\/2017\/12\/no211217formatura3-300x193.jpg 300w, http:\/\/www.portalmantena.com.br\/novo\/wp-content\/uploads\/2017\/12\/no211217formatura3-696x447.jpg 696w, http:\/\/www.portalmantena.com.br\/novo\/wp-content\/uploads\/2017\/12\/no211217formatura3-653x420.jpg 653w\" sizes=\"(max-width: 700px) 100vw, 700px\" \/><\/a> <a href=\"http:\/\/www.portalmantena.com.br\/novo\/wp-content\/uploads\/2017\/12\/no211217formatura4.jpg\"><img loading=\"lazy\" class=\"alignnone size-full wp-image-22182\" src=\"http:\/\/www.portalmantena.com.br\/novo\/wp-content\/uploads\/2017\/12\/no211217formatura4.jpg\" alt=\"\" width=\"700\" height=\"450\" srcset=\"http:\/\/www.portalmantena.com.br\/novo\/wp-content\/uploads\/2017\/12\/no211217formatura4.jpg 700w, http:\/\/www.portalmantena.com.br\/novo\/wp-content\/uploads\/2017\/12\/no211217formatura4-300x193.jpg 300w, http:\/\/www.portalmantena.com.br\/novo\/wp-content\/uploads\/2017\/12\/no211217formatura4-696x447.jpg 696w, http:\/\/www.portalmantena.com.br\/novo\/wp-content\/uploads\/2017\/12\/no211217formatura4-653x420.jpg 653w\" sizes=\"(max-width: 700px) 100vw, 700px\" \/><\/a> <a href=\"http:\/\/www.portalmantena.com.br\/novo\/wp-content\/uploads\/2017\/12\/no211217formatura5.jpg\"><img loading=\"lazy\" class=\"alignnone size-full wp-image-22183\" src=\"http:\/\/www.portalmantena.com.br\/novo\/wp-content\/uploads\/2017\/12\/no211217formatura5.jpg\" alt=\"\" width=\"700\" height=\"450\" srcset=\"http:\/\/www.portalmantena.com.br\/novo\/wp-content\/uploads\/2017\/12\/no211217formatura5.jpg 700w, http:\/\/www.portalmantena.com.br\/novo\/wp-content\/uploads\/2017\/12\/no211217formatura5-300x193.jpg 300w, http:\/\/www.portalmantena.com.br\/novo\/wp-content\/uploads\/2017\/12\/no211217formatura5-696x447.jpg 696w, http:\/\/www.portalmantena.com.br\/novo\/wp-content\/uploads\/2017\/12\/no211217formatura5-653x420.jpg 653w\" sizes=\"(max-width: 700px) 100vw, 700px\" \/><\/a> <a href=\"http:\/\/www.portalmantena.com.br\/novo\/wp-content\/uploads\/2017\/12\/no211217formatura6.jpg\"><img loading=\"lazy\" class=\"alignnone size-full wp-image-22184\" src=\"http:\/\/www.portalmantena.com.br\/novo\/wp-content\/uploads\/2017\/12\/no211217formatura6.jpg\" alt=\"\" width=\"700\" height=\"450\" srcset=\"http:\/\/www.portalmantena.com.br\/novo\/wp-content\/uploads\/2017\/12\/no211217formatura6.jpg 700w, http:\/\/www.portalmantena.com.br\/novo\/wp-content\/uploads\/2017\/12\/no211217formatura6-300x193.jpg 300w, http:\/\/www.portalmantena.com.br\/novo\/wp-content\/uploads\/2017\/12\/no211217formatura6-696x447.jpg 696w, http:\/\/www.portalmantena.com.br\/novo\/wp-content\/uploads\/2017\/12\/no211217formatura6-653x420.jpg 653w\" sizes=\"(max-width: 700px) 100vw, 700px\" \/><\/a> <a href=\"http:\/\/www.portalmantena.com.br\/novo\/wp-content\/uploads\/2017\/12\/no211217formatura7.jpg\"><img loading=\"lazy\" class=\"alignnone size-full wp-image-22185\" src=\"http:\/\/www.portalmantena.com.br\/novo\/wp-content\/uploads\/2017\/12\/no211217formatura7.jpg\" alt=\"\" width=\"700\" height=\"450\" srcset=\"http:\/\/www.portalmantena.com.br\/novo\/wp-content\/uploads\/2017\/12\/no211217formatura7.jpg 700w, http:\/\/www.portalmantena.com.br\/novo\/wp-content\/uploads\/2017\/12\/no211217formatura7-300x193.jpg 300w, http:\/\/www.portalmantena.com.br\/novo\/wp-content\/uploads\/2017\/12\/no211217formatura7-696x447.jpg 696w, http:\/\/www.portalmantena.com.br\/novo\/wp-content\/uploads\/2017\/12\/no211217formatura7-653x420.jpg 653w\" sizes=\"(max-width: 700px) 100vw, 700px\" \/><\/a> <a href=\"http:\/\/www.portalmantena.com.br\/novo\/wp-content\/uploads\/2017\/12\/no211217formatura8.jpg\"><img loading=\"lazy\" class=\"alignnone size-full wp-image-22186\" src=\"http:\/\/www.portalmantena.com.br\/novo\/wp-content\/uploads\/2017\/12\/no211217formatura8.jpg\" alt=\"\" width=\"700\" height=\"450\" srcset=\"http:\/\/www.portalmantena.com.br\/novo\/wp-content\/uploads\/2017\/12\/no211217formatura8.jpg 700w, http:\/\/www.portalmantena.com.br\/novo\/wp-content\/uploads\/2017\/12\/no211217formatura8-300x193.jpg 300w, http:\/\/www.portalmantena.com.br\/novo\/wp-content\/uploads\/2017\/12\/no211217formatura8-696x447.jpg 696w, http:\/\/www.portalmantena.com.br\/novo\/wp-content\/uploads\/2017\/12\/no211217formatura8-653x420.jpg 653w\" sizes=\"(max-width: 700px) 100vw, 700px\" \/><\/a><\/p>\n","protected":false},"excerpt":{"rendered":"<p>No \u00faltimo dia 15, vinte e seis alunos do Ifes campus Barra de S\u00e3o Francisco participaram da solenidade de formatura do curso T\u00e9cnico em Administra\u00e7\u00e3o. A cerim\u00f4nia aconteceu na C\u00e2mara de Vereadores de Barra de S\u00e3o Francisco e estiveram presentes familiares, servidores do Ifes e seus parceiros, como o prefeito Alencar Marim, a\u00a0Diretora da escola [&hellip;]<\/p>\n","protected":false},"author":1,"featured_media":22184,"comment_status":"open","ping_status":"open","sticky":false,"template":"","format":"standard","meta":[],"categories":[11,39],"tags":[],"_links":{"self":[{"href":"http:\/\/www.portalmantena.com.br\/novo\/index.php?rest_route=\/wp\/v2\/posts\/22178"}],"collection":[{"href":"http:\/\/www.portalmantena.com.br\/novo\/index.php?rest_route=\/wp\/v2\/posts"}],"about":[{"href":"http:\/\/www.portalmantena.com.br\/novo\/index.php?rest_route=\/wp\/v2\/types\/post"}],"author":[{"embeddable":true,"href":"http:\/\/www.portalmantena.com.br\/novo\/index.php?rest_route=\/wp\/v2\/users\/1"}],"replies":[{"embeddable":true,"href":"http:\/\/www.portalmantena.com.br\/novo\/index.php?rest_route=%2Fwp%2Fv2%2Fcomments&post=22178"}],"version-history":[{"count":1,"href":"http:\/\/www.portalmantena.com.br\/novo\/index.php?rest_route=\/wp\/v2\/posts\/22178\/revisions"}],"predecessor-version":[{"id":22187,"href":"http:\/\/www.portalmantena.com.br\/novo\/index.php?rest_route=\/wp\/v2\/posts\/22178\/revisions\/22187"}],"wp:featuredmedia":[{"embeddable":true,"href":"http:\/\/www.portalmantena.com.br\/novo\/index.php?rest_route=\/wp\/v2\/media\/22184"}],"wp:attachment":[{"href":"http:\/\/www.portalmantena.com.br\/novo\/index.php?rest_route=%2Fwp%2Fv2%2Fmedia&parent=22178"}],"wp:term":[{"taxonomy":"category","embeddable":true,"href":"http:\/\/www.portalmantena.com.br\/novo\/index.php?rest_route=%2Fwp%2Fv2%2Fcategories&post=22178"},{"taxonomy":"post_tag","embeddable":true,"href":"http:\/\/www.portalmantena.com.br\/novo\/index.php?rest_route=%2Fwp%2Fv2%2Ftags&post=22178"}],"curies":[{"name":"wp","href":"https:\/\/api.w.org\/{rel}","templated":true}]}}